{"id":1089,"date":"2022-08-17T07:30:00","date_gmt":"2022-08-17T05:30:00","guid":{"rendered":"https:\/\/www.freelance.cz\/blog\/?p=1089"},"modified":"2025-07-29T12:15:06","modified_gmt":"2025-07-29T10:15:06","slug":"pracovitost-nebo-workoholismus-kdy-jde-o-vic-nez-jen-o-lasku-k-povolani","status":"publish","type":"post","link":"https:\/\/www.freelance.cz\/blog\/pracovitost-nebo-workoholismus-kdy-jde-o-vic-nez-jen-o-lasku-k-povolani\/","title":{"rendered":"Pracovitost, nebo workoholismus? Kdy jde o v\u00edc ne\u017e jen o l\u00e1sku k\u00a0povol\u00e1n\u00ed"},"content":{"rendered":"\n<p>Jednou z&nbsp;motivac\u00ed k&nbsp;podnik\u00e1n\u00ed je, \u017ee nemus\u00edte sed\u011bt v&nbsp;pr\u00e1ci 8,5 hodiny a m\u016f\u017eete si den napl\u00e1novat podle sv\u00e9ho. Jen\u017ee co kdy\u017e te\u010f m\u00edsto toho t\u011bch hodin pracujete 12 a po\u0159\u00e1d to nen\u00ed dost?<\/p>\n\n\n\n<p>\u0158ada freelancer\u016f ode\u0161la na volnou nohu, aby mohla za\u010d\u00edt naplno d\u011blat to, co je bav\u00ed a v&nbsp;\u010dem jsou dob\u0159\u00ed. A nen\u00ed nic \u0161patn\u00e9ho na tom, \u017ee pr\u00e1ci v\u011bnuj\u00ed v&nbsp;po\u010d\u00e1tc\u00edch velkou \u010d\u00e1st dne. Na druhou stranu jsou tu ale ti, kte\u0159\u00ed pracuj\u00ed od r\u00e1na do noci, a to kolikr\u00e1t i p\u0159esto, \u017ee je pr\u00e1ce vlastn\u011b ani tolik net\u011b\u0161\u00ed. Mnohdy je ani ne\u017eene pot\u0159eba vyd\u011blat pen\u00edze. Jen\u017ee prost\u011b nem\u016f\u017eou p\u0159estat. A tady p\u0159ich\u00e1z\u00ed na \u0159adu <strong>workoholismus \u2013 z\u00e1vislost, jako ka\u017ed\u00e1 jin\u00e1<\/strong>. Probl\u00e9m, kter\u00fd v\u011bt\u0161inou vid\u00ed va\u0161e okol\u00ed d\u0159\u00edv, ne\u017e si ho v\u0161imnete tak\u00e9.<\/p>\n\n\n\n<h2 class=\"wp-block-heading\">Neple\u0165te si pracovitost s&nbsp;workoholismem<\/h2>\n\n\n\n<p>Je v&nbsp;po\u0159\u00e1dku n\u011bkdy nasadit pracovn\u00ed tempo na maximum, abyste dos\u00e1hli konkr\u00e9tn\u00edho c\u00edle. Stejn\u011b tak nen\u00ed \u0161kodliv\u00e9, kdy\u017e se do pr\u00e1ce pono\u0159\u00edte natolik, \u017ee ztrat\u00edte pojem o \u010dase. D\u016fle\u017eit\u00e9 je, \u017ee po pr\u00e1ci um\u00edte vypnout, odpo\u010d\u00edvat a u\u017e\u00edt si voln\u00fd \u010das. <strong>Pracovitost nijak neohro\u017euje va\u0161e zdrav\u00ed<\/strong>. Co\u017e se o workoholismu \u0159\u00edct ned\u00e1.<\/p>\n\n\n\n<h2 class=\"wp-block-heading\">Jak poznat, \u017ee m\u00e1te probl\u00e9m?<\/h2>\n\n\n\n<p>U ostatn\u00edch snadn\u011bji vid\u00edme, \u017ee n\u011bco nen\u00ed v&nbsp;po\u0159\u00e1dku. Jakmile m\u00e1 \u010dlov\u011bk nastavit zrcadlo sob\u011b, nen\u00ed to tak jednoduch\u00e9. <strong>Mezi nej\u010dast\u011bj\u0161\u00ed projevy workoholismu pat\u0159\u00ed n\u00e1sleduj\u00edc\u00ed body.<\/strong> <strong>Pokud se v&nbsp;nich pozn\u00e1te, zpozorn\u011bte<\/strong>.<\/p>\n\n\n\n<ul class=\"wp-block-list\"><li>C\u00edt\u00edte neust\u00e1lou pot\u0159ebu pracovat, kter\u00e1 v\u00e1m nedovol\u00ed odpo\u010d\u00edvat. Slovo <a href=\"https:\/\/www.freelance.cz\/blog\/dovolena-pro-freelancery-jak-si-vzit-volno-a-neprijit-o-klienty\/\">dovolen\u00e1<\/a> nem\u00e1te ve sv\u00e9m slovn\u00edku.<\/li><li>Svou sebehodnotu ur\u010dujete jen na z\u00e1klad\u011b pracovn\u00edho \u00fasp\u011bchu.<\/li><li>Tr\u00e1v\u00edte \u010d\u00edm d\u00e1l m\u00e9n\u011b \u010dasu s&nbsp;rodinou a p\u0159\u00e1teli. Bav\u00edte se pouze s&nbsp;lidmi, se kter\u00fdmi se m\u016f\u017eete bavit o pr\u00e1ci.<\/li><li>M\u00e1te pocit, \u017ee odveden\u00e1 pr\u00e1ce nen\u00ed nikdy dost dobr\u00e1.<\/li><li>Svoje pracovn\u00ed \u00fasp\u011bchy si nedok\u00e1\u017eete u\u017e\u00edt a hned se pou\u0161t\u00edte do dal\u0161\u00edho projektu.<\/li><li>Sp\u00e1nek kompenzujete kofeinem nebo jin\u00fdmi podp\u016frn\u00fdmi l\u00e1tkami.<\/li><li>Nech\u00e1pete, pro\u010d ostatn\u00ed \u010dasem mrhaj\u00ed na jin\u00e9 ne\u017e pracovn\u00ed v\u011bci.<\/li><li>M\u00e1te pocit, \u017ee va\u0161e nasazen\u00ed je v&nbsp;po\u0159\u00e1dku a ostatn\u00ed jsou l\u00edn\u00ed.<\/li><\/ul>\n\n\n\n<h2 class=\"wp-block-heading\">P\u0159\u00ed\u010diny workoholismu<\/h2>\n\n\n\n<p>Neexistuje jen jeden typ workoholika, stejn\u011b jako nen\u00ed jen jedna p\u0159\u00ed\u010dina. Jeden typ m\u00e1 s&nbsp;trochou nads\u00e1zky toto chov\u00e1n\u00ed od narozen\u00ed. U\u017e v&nbsp;pubert\u011b rozj\u00ed\u017ed\u00ed projekty a v&nbsp;tomto poli je si jist\u011bj\u0161\u00ed ne\u017e v&nbsp;mezilidsk\u00fdch vztaz\u00edch. Sv\u011bt mimo pr\u00e1ci je pro n\u011bj d\u011bsiv\u00fd a pracovn\u00ed \u00fasp\u011bchy mu dod\u00e1vaj\u00ed sebed\u016fv\u011bru.<\/p>\n\n\n\n<p>\u010cast\u011bji se setk\u00e1te s&nbsp;typem workoholika, kter\u00fd fungoval norm\u00e1ln\u011b v&nbsp;pracovn\u00ed i osobnostn\u00ed sf\u00e9\u0159e. Tedy dokud nenastala krize. Krize v&nbsp;podob\u011b konkurence, kter\u00e9 nesta\u010d\u00ed, krize v&nbsp;rodin\u011b, kter\u00e1 si \u017e\u00e1d\u00e1 vy\u0161\u0161\u00ed pracovn\u00ed nasazen\u00ed pro z\u00edsk\u00e1n\u00ed v\u00edce finan\u010dn\u00edch prost\u0159edk\u016f i dal\u0161\u00ed probl\u00e9my, kter\u00e9 postupn\u011b za\u010d\u00edn\u00e1 ventilovat prac\u00ed. Pr\u00e1ce za\u010d\u00edn\u00e1 zab\u00edrat \u010d\u00edm d\u00e1l v\u011bt\u0161\u00ed \u010d\u00e1st dne, a\u017e se stane jedinou n\u00e1pln\u00ed.<\/p>\n\n\n\n<h2 class=\"wp-block-heading\">D\u016fsledky workoholismu<\/h2>\n\n\n\n<p>Jakmile pro v\u00e1s neexistuje nic jin\u00e9ho ne\u017e pr\u00e1ce, nen\u00ed to dlouhodob\u011b udr\u017eiteln\u00e9. Zanedb\u00e1v\u00e1n\u00ed sp\u00e1nku a vyv\u00e1\u017een\u00e9 stravy, postupn\u00e9 omezov\u00e1n\u00ed kon\u00ed\u010dk\u016f i mezilidsk\u00fdch vztah\u016f a dal\u0161\u00ed nep\u0159\u00edjemnosti, kter\u00e9 se s&nbsp;workoholismem poj\u00ed, si d\u0159\u00edv nebo pozd\u011bji za\u010dnou vyb\u00edrat da\u0148.<\/p>\n\n\n\n<p>Nejprve pravd\u011bpodobn\u011b <strong>p\u0159ijdete o p\u0159\u00e1tele, rodina bude n\u00e1sledovat po nich<\/strong>. To v\u00e1m d\u00e1 je\u0161t\u011b v\u00edce \u010dasu na pr\u00e1ci a cesta z&nbsp;tohoto koloto\u010de je prakticky nemo\u017en\u00e1.<\/p>\n\n\n\n<p>P\u0159ich\u00e1z\u00ed na \u0159adu <strong>zhor\u0161en\u00e9 zdrav\u00ed<\/strong>. Sp\u00e1nkov\u00e9 poruchy, poruchy soust\u0159ed\u011bnosti, poruchy tr\u00e1ven\u00ed, deprese a \u00fazkosti jsou b\u011b\u017en\u00fd projev t\u00e9to nemoci. Dokonce nejsou neobvykl\u00e9 ani <strong>abstinen\u010dn\u00ed p\u0159\u00edznaky<\/strong> jako t\u0159es rukou, zimnice a k\u0159e\u010de, kdy\u017e nepracujete. Ne\u0159e\u0161en\u00fd probl\u00e9m m\u016f\u017ee v\u00e9st k&nbsp;<strong>syndromu vyho\u0159en\u00ed<\/strong> nebo <strong>kolapsu organismu<\/strong>.<\/p>\n\n\n\n<h2 class=\"wp-block-heading\">Jak workoholismus \u0159e\u0161it?<\/h2>\n\n\n\n<p>Proto\u017ee je workoholismus z\u00e1vislost, v&nbsp;t\u00e9 nejt\u011b\u017e\u0161\u00ed f\u00e1zi si s&nbsp;n\u00edm porad\u00edte jen t\u011b\u017eko. Nejlep\u0161\u00ed je vyhledat odbornou pomoc, kter\u00e1 v\u00e1s s&nbsp;l\u00e9\u010dbou nasm\u011b\u0159uje.<\/p>\n\n\n\n<p>Pokud jste k&nbsp;uv\u011bdom\u011bn\u00ed do\u0161li d\u0159\u00edve, ne\u017e v\u00e1s pr\u00e1ce naprosto pohltila, vydejte se mal\u00fdmi kr\u016f\u010dky ke zm\u011bn\u011b. <strong>Uv\u011bdomte si, co v\u00e1s k&nbsp;pr\u00e1ci nut\u00ed, a jak\u00e9 jsou hlavn\u00ed spou\u0161t\u011b\u010de<\/strong>. Neut\u00edk\u00e1te od n\u011bjak\u00fdch probl\u00e9m\u016f? Pokud zjist\u00edte, co v\u00e1s nut\u00ed k&nbsp;tomuto chov\u00e1n\u00ed, je to prvn\u00ed kr\u016f\u010dek k&nbsp;n\u00e1prav\u011b.<\/p>\n\n\n\n<p>L\u00e9\u010dba workoholismu vy\u017eaduje nejen zm\u00edrn\u011bn\u00ed pracovn\u00edho nasazen\u00ed, ale tak\u00e9 zm\u011bnu vzorc\u016f my\u0161len\u00ed a chov\u00e1n\u00ed. Dokud toti\u017e sami neakceptujete, \u017ee m\u00e1te probl\u00e9m, nikdo v\u00e1s z\u00e1zra\u010dn\u011b nevyl\u00e9\u010d\u00ed. Pro lep\u0161\u00ed udr\u017een\u00ed spr\u00e1vn\u00e9ho sm\u011bru je pak vhodn\u00e1 <a href=\"https:\/\/terap.io\/\">psychoterapie<\/a>.<\/p>\n\n\n\n<h2 class=\"wp-block-heading\">Jak workoholismu p\u0159edch\u00e1zet?<\/h2>\n\n\n\n<p>Nejlep\u0161\u00ed samoz\u0159ejm\u011b je, kdy\u017e tomuto probl\u00e9mu zvl\u00e1dnete p\u0159edej\u00edt, ne\u017e abyste za\u010dali \u0159e\u0161it a\u017e silnou z\u00e1vislost. A proto\u017ee mezi pracovitost\u00ed a workoholismem je \u010dasto jen pom\u011brn\u011b tenk\u00e1 linka, vyplat\u00ed se osvojit n\u00e1vyky, d\u00edky kter\u00fdm ji nep\u0159ekro\u010d\u00edte.<\/p>\n\n\n\n<ul class=\"wp-block-list\"><li><strong>Stanovte si pracovn\u00ed dobu<\/strong> \u2013 p\u0159i pr\u00e1ci z&nbsp;domova je ob\u010das obt\u00ed\u017en\u00e9 uhl\u00eddat pracovn\u00ed hodiny. Jestli se v\u00e1m \u010dasto st\u00e1v\u00e1, \u017ee je\u0161t\u011b po noc\u00edch dod\u011bl\u00e1v\u00e1te r\u016fzn\u00e9 \u00fakoly, je \u010das na zm\u011bnu re\u017eimu. Pokud m\u00e1te pocit, \u017ee ve vymezenou pracovn\u00ed dobu nestihnete v\u0161e, p\u0159e\u010dt\u011bte si, <a href=\"https:\/\/www.freelance.cz\/blog\/jak-zvladat-zdanlivy-nedostatek-casu-na-volne-noze\/\">jak (zd\u00e1nliv\u00fd) nedostatek \u010dasu zvl\u00e1dat<\/a>.<\/li><li><strong>Odpo\u010d\u00edvejte<\/strong> \u2013 n\u011bkdy term\u00edn nepo\u010dk\u00e1 a p\u00e1r hodin sp\u00e1nku mu klidn\u011b ob\u011btujte. Opakovan\u011b to ale ned\u011blejte. Odpo\u010dat\u00ed budete pozorn\u011bj\u0161\u00ed, v\u00fdkonn\u011bj\u0161\u00ed a tak\u00e9 spokojen\u011bj\u0161\u00ed.<\/li><li><strong>Jezd\u011bte na dovolenou <\/strong>\u2013 p\u0159epracov\u00e1n\u00ed se d\u00e1 snadno p\u0159edej\u00edt po\u0159\u00e1dn\u00fdm odpo\u010dinkem. P\u0159ed dovolenou klienty informujte, \u017ee nebudete dostupn\u00ed a opravdu to dodr\u017ete.<\/li><li><strong>Neodb\u00fdvejte se s&nbsp;j\u00eddlem<\/strong> \u2013 spr\u00e1vn\u00e9 stravovac\u00ed n\u00e1vyky jsou z\u00e1klad k&nbsp;dob\u0159e funguj\u00edc\u00edmu t\u011blu i mysli. D\u00edky tomu pak nebudete muset vy\u010derp\u00e1n\u00ed kompenzovat kofeinem a cukrem. Ob\u011bdovou pauzu si v\u017edy ud\u011blejte i v&nbsp;nabit\u00e9m dni.<\/li><li><strong>Ud\u011blejte si \u010das na rodinu a p\u0159\u00e1tele<\/strong> \u2013 nezapom\u00ednejte, \u017ee existuje i \u017eivot mimo pr\u00e1ci. \u010cas str\u00e1ven\u00fd s&nbsp;va\u0161imi nejbli\u017e\u0161\u00edmi by m\u011bl b\u00fdt na \u017eeb\u0159\u00ed\u010dku hodnot nad pracovn\u00edm nasazen\u00edm. Budov\u00e1n\u00ed soci\u00e1ln\u00edch vazeb proti workoholismu funguje p\u0159ekvapiv\u011b dob\u0159e.<\/li><li><strong>Nau\u010dte se \u0159\u00edkat ne<\/strong> \u2013 pokud m\u00e1te pln\u00e9 kapacity, <a href=\"https:\/\/www.freelance.cz\/blog\/odmitani-zakazek-kdy-dava-smysl-a-jak-se-s-nim-popasovat\/\">je v&nbsp;po\u0159\u00e1dku odm\u00edtnout potenci\u00e1ln\u00edho klienta<\/a>. P\u0159\u00edpadn\u011b spolupracujte s&nbsp;dal\u0161\u00edm <a href=\"https:\/\/www.freelance.cz\/freelanceri\">freelancerem<\/a>, kter\u00e9mu pr\u00e1ci budete delegovat.<\/li><\/ul>\n\n\n\n<p>Ob\u010das je dobr\u00e9 zavzpom\u00ednat si na za\u010d\u00e1tky. Pro\u010d jste vlastn\u011b za\u010dali podnikat? Cht\u011bli jste svobodu, pr\u00e1ci, kter\u00e1 v\u00e1s napl\u0148uje a tak\u00e9 v\u00edce voln\u00e9ho \u010dasu? A co z&nbsp;toho se v\u00e1m s&nbsp;takov\u00fdm nasazen\u00edm da\u0159\u00ed?<\/p>\n","protected":false},"excerpt":{"rendered":"<p>Jednou z&nbsp;motivac\u00ed k&nbsp;podnik\u00e1n\u00ed je, \u017ee nemus\u00edte sed\u011bt v&nbsp;pr\u00e1ci 8,5 hodiny a m\u016f\u017eete si den napl\u00e1novat podle sv\u00e9ho. Jen\u017ee co kdy\u017e te\u010f m\u00edsto toho t\u011bch hodin pracujete 12 a po\u0159\u00e1d to&#8230;<\/p>\n<div class=\"more-link-wrapper\"><a class=\"more-link\" href=\"https:\/\/www.freelance.cz\/blog\/pracovitost-nebo-workoholismus-kdy-jde-o-vic-nez-jen-o-lasku-k-povolani\/\">\u010c\u00edst d\u00e1le<span class=\"screen-reader-text\">Pracovitost, nebo workoholismus? Kdy jde o v\u00edc ne\u017e jen o l\u00e1sku k\u00a0povol\u00e1n\u00ed<\/span><\/a><\/div>\n","protected":false},"author":8,"featured_media":1090,"comment_status":"closed","ping_status":"closed","sticky":false,"template":"","format":"standard","meta":{"footnotes":""},"categories":[5,3],"tags":[],"class_list":["post-1089","post","type-post","status-publish","format-standard","has-post-thumbnail","hentry","category-osobni-rozvoj-produktivita","category-pro-freelancery","excerpt"],"aioseo_notices":[],"_links":{"self":[{"href":"https:\/\/www.freelance.cz\/blog\/wp-json\/wp\/v2\/posts\/1089","targetHints":{"allow":["GET"]}}],"collection":[{"href":"https:\/\/www.freelance.cz\/blog\/wp-json\/wp\/v2\/posts"}],"about":[{"href":"https:\/\/www.freelance.cz\/blog\/wp-json\/wp\/v2\/types\/post"}],"author":[{"embeddable":true,"href":"https:\/\/www.freelance.cz\/blog\/wp-json\/wp\/v2\/users\/8"}],"replies":[{"embeddable":true,"href":"https:\/\/www.freelance.cz\/blog\/wp-json\/wp\/v2\/comments?post=1089"}],"version-history":[{"count":3,"href":"https:\/\/www.freelance.cz\/blog\/wp-json\/wp\/v2\/posts\/1089\/revisions"}],"predecessor-version":[{"id":1095,"href":"https:\/\/www.freelance.cz\/blog\/wp-json\/wp\/v2\/posts\/1089\/revisions\/1095"}],"wp:featuredmedia":[{"embeddable":true,"href":"https:\/\/www.freelance.cz\/blog\/wp-json\/wp\/v2\/media\/1090"}],"wp:attachment":[{"href":"https:\/\/www.freelance.cz\/blog\/wp-json\/wp\/v2\/media?parent=1089"}],"wp:term":[{"taxonomy":"category","embeddable":true,"href":"https:\/\/www.freelance.cz\/blog\/wp-json\/wp\/v2\/categories?post=1089"},{"taxonomy":"post_tag","embeddable":true,"href":"https:\/\/www.freelance.cz\/blog\/wp-json\/wp\/v2\/tags?post=1089"}],"curies":[{"name":"wp","href":"https:\/\/api.w.org\/{rel}","templated":true}]}}