{"id":1136,"date":"2023-01-18T12:45:31","date_gmt":"2023-01-18T11:45:31","guid":{"rendered":"https:\/\/www.freelance.cz\/blog\/?p=1136"},"modified":"2023-01-18T14:41:23","modified_gmt":"2023-01-18T13:41:23","slug":"coworking-jak-funguje-a-pro-koho-je-vhodny","status":"publish","type":"post","link":"https:\/\/www.freelance.cz\/blog\/coworking-jak-funguje-a-pro-koho-je-vhodny\/","title":{"rendered":"Coworking: Jak funguje a pro koho je vhodn\u00fd?"},"content":{"rendered":"\n<p>Nedok\u00e1\u017eete se v&nbsp;dom\u00e1c\u00edm prost\u0159ed\u00ed p\u0159im\u011bt efektivn\u011b pracovat, ale nel\u00e1k\u00e1 v\u00e1s ani ruch kav\u00e1rny, kde se nedok\u00e1\u017eete soust\u0159edit? Objevte coworking a jeho v\u00fdhody. V&nbsp;\u010dem dal\u0161\u00edm m\u016f\u017ee pomoct?<\/p>\n\n\n\n<p>Coworkingov\u00e1 centra nejsou na sv\u011bt\u011b ani v&nbsp;\u010cesku \u017e\u00e1dnou novinkou. Sd\u00edlen\u00e9 pracovn\u00ed prostory byste na\u0161li u\u017e ve 20. stolet\u00ed. Coworking jako takov\u00fd pak vznikl v&nbsp;roce 2005, kdy byla v&nbsp;San Franciscu otev\u0159ena prvn\u00ed sd\u00edlen\u00e1 kancel\u00e1\u0159. Netrvalo dlouho, ne\u017e se k&nbsp;n\u00e1m tento trend dostal tak\u00e9.<\/p>\n\n\n\n<p>Nar\u016fstaj\u00edc\u00ed po\u010det <a href=\"https:\/\/www.freelance.cz\/blog\/digitalni-nomadstvi-vyhody-nevyhody-a-jak-na-nej\/\">digit\u00e1ln\u00edch nom\u00e1d\u016f<\/a> a freelancer\u016f, kter\u00fdm nevyhovuje <a href=\"https:\/\/www.freelance.cz\/blog\/home-office-jak-byt-produktivni-a-neprokrastinovat\/\">pr\u00e1ce z&nbsp;domova<\/a>, nab\u00edz\u00ed ide\u00e1ln\u00ed podm\u00ednky pro r\u016fst dal\u0161\u00edch takov\u00fdch center. Najdete je tak nejen ve velk\u00fdch m\u011bstech, jako je Praha, Brno nebo Ostrava, ale postupn\u011b se za\u010d\u00ednaj\u00ed objevovat i v&nbsp;t\u011bch men\u0161\u00edch. Sd\u00edlen\u00e9 prostory m\u016f\u017eete vyu\u017e\u00edt na denn\u00ed doch\u00e1zen\u00ed, stejn\u011b jako jen na ob\u010dasn\u00e9 sch\u016fzky s&nbsp;klienty.<\/p>\n\n\n\n<h2 class=\"wp-block-heading\">Co si p\u0159edstavit pod coworkingov\u00fdm prostorem?<\/h2>\n\n\n\n<p>Coworkingov\u00e9 prostory nab\u00edzej\u00ed <strong>pom\u011brn\u011b levn\u00fd zp\u016fsob, jak vyu\u017e\u00edt v\u0161ech v\u00fdhod kancel\u00e1\u0159e<\/strong>. Najdete tu jak open space, tak i samostatn\u00e9 kancel\u00e1\u0159e a zasedac\u00ed m\u00edstnost s projektorem. Nechyb\u00ed rychl\u00e9 p\u0159ipojen\u00ed k&nbsp;internetu, sd\u00edlen\u00e9 tisk\u00e1rny, kuchy\u0148ka i t\u0159eba relaxa\u010dn\u00ed z\u00f3ny, kav\u00e1rna nebo posilovna.<\/p>\n\n\n\n<p>Takov\u00fd prostor si <strong>m\u016f\u017eete pronajmout na del\u0161\u00ed \u010dasov\u00fd \u00fasek, p\u0159\u00edpadn\u011b pouze hodinov\u011b<\/strong>. Provozovatel\u00e9 v\u011bt\u0161inou nab\u00edz\u00ed i r\u016fzn\u00e9 \u010dlensk\u00e9 tarify, ze kter\u00fdch si vyberete takov\u00fd, kter\u00fd nejv\u00edce odpov\u00edd\u00e1 va\u0161im po\u017eadavk\u016fm.<\/p>\n\n\n\n<p>Coworkingov\u00e9 kancel\u00e1\u0159e ale nemus\u00ed vyu\u017e\u00edvat jen <a href=\"https:\/\/www.freelance.cz\/freelanceri\">freelance\u0159i<\/a>. V\u00fdhodn\u00e9 to je i <strong>pro majitele firem a start-up\u016f<\/strong>, kte\u0159\u00ed se necht\u011bj\u00ed v\u00e1zat dlouhodobou smlouvou. Pro sv\u00e9 zam\u011bstnance tu <strong>z\u00edskaj\u00ed \u0159adu v\u00fdhod a nemus\u00ed se starat o technick\u00fd chod budovy<\/strong>.<\/p>\n\n\n\n<h2 class=\"wp-block-heading\">V\u00fdhody coworkingu<\/h2>\n\n\n\n<p>\u010clov\u011bk je od p\u0159\u00edrody tvor spole\u010densk\u00fd, a dlouhodob\u00e1 <a href=\"https:\/\/www.freelance.cz\/blog\/socialni-izolace-na-volne-noze-jak-tento-problem-zvladat\/\">pr\u00e1ce o samot\u011b<\/a> m\u016f\u017ee m\u00edt neblah\u00fd vliv na na\u0161i psychiku i v\u00fdkonost. Pracovat v&nbsp;kolektivu podobn\u011b nalad\u011bn\u00fdch lid\u00ed tak m\u016f\u017ee b\u00fdt velk\u00fdm p\u0159\u00ednosem. Jak\u00e9 dal\u0161\u00ed v\u00fdhody coworking nab\u00edz\u00ed?<\/p>\n\n\n\n<h3 class=\"wp-block-heading\">Lep\u0161\u00ed odd\u011blen\u00ed pracovn\u00edho a osobn\u00edho \u017eivota<\/h3>\n\n\n\n<p>Z&nbsp;postele se p\u0159esunete na gau\u010d, kde za\u010dnete prob\u00edrat pracovn\u00ed e-maily, odsko\u010d\u00edte si uva\u0159it ob\u011bd, vyperete pr\u00e1dlo a ve\u010der se p\u0159istihnete, \u017ee nem\u00e1te je\u0161t\u011b hotovo? Pro n\u011bkoho je n\u00e1ro\u010dn\u011bj\u0161\u00ed vyhradit si \u010das pouze na pr\u00e1ci, kdy\u017e na n\u011bj \u010dek\u00e1 hromada vypran\u00e9ho pr\u00e1dla na slo\u017een\u00ed. Stejn\u011b tak v\u00e1s od hlubok\u00e9 pr\u00e1ce mohou vyru\u0161ovat ostatn\u00ed \u010dlenov\u00e9 rodiny. V&nbsp;takov\u00e9m p\u0159\u00edpad\u011b je coworkingov\u00e9 centrum naprosto ide\u00e1ln\u00edm \u0159e\u0161en\u00edm, d\u00edky kter\u00e9mu se budete moct na pr\u00e1ci l\u00e9pe soust\u0159edit a nebudete resty doh\u00e1n\u011bt po noc\u00edch.<\/p>\n\n\n\n<h3 class=\"wp-block-heading\">\u00daspora n\u00e1klad\u016f za vlastn\u00ed kancel\u00e1\u0159<\/h3>\n\n\n\n<p>Pron\u00e1jem vlastn\u00ed kancel\u00e1\u0159e se dok\u00e1\u017ee vy\u0161plhat na pom\u011brn\u011b vysok\u00e1 \u010d\u00edsla. V&nbsp;tomto ohledu v\u00e1m coworking dok\u00e1\u017ee v\u00fdznamn\u011b u\u0161et\u0159it n\u00e1klady. Pokud v&nbsp;r\u00e1mci \u00faspor pracujete z&nbsp;domova, nezapome\u0148te kalkulovat se zv\u00fd\u0161en\u00fdmi&nbsp;n\u00e1klady na energie nebo v\u00fddaji za vybaven\u00ed, kter\u00e9 si v&nbsp;coworkingu m\u016f\u017eete p\u016fj\u010dit.<\/p>\n\n\n\n<h3 class=\"wp-block-heading\">Navazov\u00e1n\u00ed kontakt\u016f<\/h3>\n\n\n\n<p>Princip coworkingu <strong>podporuje komunitu<\/strong>. Proto\u017ee tu pracuje cel\u00e1 \u0159ada profes\u00ed od <a href=\"https:\/\/www.freelance.cz\/freelanceri\/grafika-design\">grafik\u016f<\/a> p\u0159es kod\u00e9ry a\u017e po p\u0159ekladatele, potk\u00e1te tu osoby, se kter\u00fdmi byste se jinak t\u0159eba ani nesetkali. To m\u016f\u017ee v\u00e9st k&nbsp;nalezen\u00ed jin\u00e9ho pohledu na probl\u00e9m, kter\u00fd v\u00e1s u\u017e n\u011bjakou dobu p\u00e1l\u00ed, i k&nbsp;nav\u00e1z\u00e1n\u00ed nov\u00fdch spoluprac\u00ed.<\/p>\n\n\n\n<p>Coworkingov\u00e1 centra nav\u00edc po\u0159\u00e1daj\u00ed r\u016fzn\u00e1 <a href=\"https:\/\/www.freelance.cz\/blog\/jak-na-networking-na-volne-noze\/\">networkingov\u00e1<\/a> setk\u00e1n\u00ed a tak\u00e9 se sna\u017e\u00ed sv\u00e9 <strong>\u010dleny navz\u00e1jem propojovat a organizovat pro n\u011b rozmanit\u00e9 aktivity<\/strong>, jako jsou nap\u0159\u00edklad workshopy, kde se krom\u011b seznamov\u00e1n\u00ed m\u016f\u017eete tak\u00e9 rozv\u00edjet. V\u0161e je samoz\u0159ejm\u011b nepovinn\u00e9, tak\u017ee se ani jako introvert nemus\u00edte d\u011bsit, \u017ee by v\u00e1s n\u011bkdo tla\u010dil do \u201epovinn\u00e9 z\u00e1bavy\u201c.<\/p>\n\n\n\n<h3 class=\"wp-block-heading\">Lep\u0161\u00ed produktivita a kreativita<\/h3>\n\n\n\n<p>Coworkingov\u00e9 prostory v\u00e1s l\u00e9pe nalad\u00ed na pracovn\u00ed vlnu ne\u017e dom\u00e1c\u00ed prost\u0159ed\u00ed s&nbsp;v\u00fdhledem na neumyt\u00e9 n\u00e1dob\u00ed. L\u00e9pe si tu m\u016f\u017eete napl\u00e1novat pracovn\u00ed den bez rozptylov\u00e1n\u00ed a <strong>odpracovat toho v\u00edce za m\u00e9n\u011b \u010dasu<\/strong>.<\/p>\n\n\n\n<p>Dal\u0161\u00ed nesporn\u00e1 v\u00fdhoda je p\u0159\u00edstup ke komunit\u011b podnikav\u00fdch lid\u00ed. Pokud byste se zasekli a neda\u0159ilo se v\u00e1m odlepit z&nbsp;m\u00edsta, v\u017edy se tu najde n\u011bkdo dal\u0161\u00ed, s&nbsp;k\u00fdm si m\u016f\u017eete popov\u00eddat a <strong>vyslechnout si pohled nezaujat\u00e9 strany<\/strong>, kter\u00e1 na dan\u00fd probl\u00e9m nem\u00e1 je\u0161t\u011b vytvo\u0159en\u00e9 tunelov\u00e9 vid\u011bn\u00ed.<\/p>\n\n\n\n<h3 class=\"wp-block-heading\">Flexibilita<\/h3>\n\n\n\n<p>V\u011bt\u0161ina coworkingov\u00fdch center nab\u00edz\u00ed <strong>mo\u017enost bezplatn\u00e9ho vyzkou\u0161en\u00ed prostor<\/strong>. Nemus\u00edte se tedy upisovat na n\u011bkolik m\u011bs\u00edc\u016f, abyste zjistili, \u017ee v\u00e1m tento typ pr\u00e1ce nevyhovuje. P\u0159\u00edpadn\u011b m\u016f\u017eete vyu\u017e\u00edvat pron\u00e1jem prostor pouze na ur\u010dit\u00fd po\u010det hodin. Ale i \u010dlensk\u00e9 smlouvy maj\u00ed <strong>kr\u00e1tk\u00e9 v\u00fdpov\u011bdn\u00ed lh\u016fty<\/strong> a m\u016f\u017eete odej\u00edt prakticky hned, jak se pro tento krok rozhodnete.<\/p>\n\n\n\n<p>Flexibiln\u00ed je v\u0161ak i otv\u00edrac\u00ed doba, ve v\u011bt\u0161\u00edch m\u011bstech nen\u00ed v\u00fdjimkou narazit <strong>na coworkingov\u00e1 centra s&nbsp;otv\u00edrac\u00ed dobou 24\/7<\/strong>, tak\u017ee se m\u016f\u017eete p\u0159izp\u016fsobit sv\u00e9mu biorytmu.<\/p>\n\n\n\n<h2 class=\"wp-block-heading\">Nev\u00fdhody coworkingu<\/h2>\n\n\n\n<p>Samoz\u0159ejm\u011b <strong>ne ka\u017ed\u00e9mu tento typ pr\u00e1ce vyhovuje<\/strong>. Pokud pot\u0159ebujete na pr\u00e1ci naprost\u00fd klid, pravd\u011bpodobn\u011b pro v\u00e1s coworking nebude to prav\u00e9, proto\u017ee s&nbsp;ur\u010ditou m\u00edrou ruchu je pot\u0159eba po\u010d\u00edtat. Pokud naopak u pr\u00e1ce r\u00e1di a hlasit\u011b pov\u00edd\u00e1te se v\u0161emi okolo, neocen\u00ed to zase naopak okol\u00ed.<\/p>\n\n\n\n<p>Z coworkingu nebudou nad\u0161en\u00ed ani ti z&nbsp;v\u00e1s, kte\u0159\u00ed si potrp\u00ed na \u201esvoje m\u00edsto\u201c, kter\u00e9 si postupn\u011b upravuj\u00ed tak, aby se jim tam pracovalo co nejl\u00e9pe. Na z\u00fatul\u0148ov\u00e1n\u00ed tu nen\u00ed prostor a taky je dost mo\u017en\u00e9, \u017ee v\u00e1m z\u00edtra \u201eva\u0161i\u201c \u017eidli v&nbsp;open spacu n\u011bkdo zasedne.<\/p>\n\n\n\n<p>A jak jste na tom vy? Vyu\u017e\u00edv\u00e1te coworkingov\u00fdch prostor, pl\u00e1nujete je vyzkou\u0161et, nebo v\u00e1s to v\u016fbec nel\u00e1k\u00e1?<\/p>\n","protected":false},"excerpt":{"rendered":"<p>Nedok\u00e1\u017eete se v&nbsp;dom\u00e1c\u00edm prost\u0159ed\u00ed p\u0159im\u011bt efektivn\u011b pracovat, ale nel\u00e1k\u00e1 v\u00e1s ani ruch kav\u00e1rny, kde se nedok\u00e1\u017eete soust\u0159edit? Objevte coworking a jeho v\u00fdhody. V&nbsp;\u010dem dal\u0161\u00edm m\u016f\u017ee pomoct? Coworkingov\u00e1 centra nejsou na&#8230;<\/p>\n<div class=\"more-link-wrapper\"><a class=\"more-link\" href=\"https:\/\/www.freelance.cz\/blog\/coworking-jak-funguje-a-pro-koho-je-vhodny\/\">\u010c\u00edst d\u00e1le<span class=\"screen-reader-text\">Coworking: Jak funguje a pro koho je vhodn\u00fd?<\/span><\/a><\/div>\n","protected":false},"author":8,"featured_media":1137,"comment_status":"closed","ping_status":"closed","sticky":false,"template":"","format":"standard","meta":{"footnotes":""},"categories":[5,3],"tags":[],"class_list":["post-1136","post","type-post","status-publish","format-standard","has-post-thumbnail","hentry","category-osobni-rozvoj-produktivita","category-pro-freelancery","excerpt"],"aioseo_notices":[],"_links":{"self":[{"href":"https:\/\/www.freelance.cz\/blog\/wp-json\/wp\/v2\/posts\/1136","targetHints":{"allow":["GET"]}}],"collection":[{"href":"https:\/\/www.freelance.cz\/blog\/wp-json\/wp\/v2\/posts"}],"about":[{"href":"https:\/\/www.freelance.cz\/blog\/wp-json\/wp\/v2\/types\/post"}],"author":[{"embeddable":true,"href":"https:\/\/www.freelance.cz\/blog\/wp-json\/wp\/v2\/users\/8"}],"replies":[{"embeddable":true,"href":"https:\/\/www.freelance.cz\/blog\/wp-json\/wp\/v2\/comments?post=1136"}],"version-history":[{"count":1,"href":"https:\/\/www.freelance.cz\/blog\/wp-json\/wp\/v2\/posts\/1136\/revisions"}],"predecessor-version":[{"id":1138,"href":"https:\/\/www.freelance.cz\/blog\/wp-json\/wp\/v2\/posts\/1136\/revisions\/1138"}],"wp:featuredmedia":[{"embeddable":true,"href":"https:\/\/www.freelance.cz\/blog\/wp-json\/wp\/v2\/media\/1137"}],"wp:attachment":[{"href":"https:\/\/www.freelance.cz\/blog\/wp-json\/wp\/v2\/media?parent=1136"}],"wp:term":[{"taxonomy":"category","embeddable":true,"href":"https:\/\/www.freelance.cz\/blog\/wp-json\/wp\/v2\/categories?post=1136"},{"taxonomy":"post_tag","embeddable":true,"href":"https:\/\/www.freelance.cz\/blog\/wp-json\/wp\/v2\/tags?post=1136"}],"curies":[{"name":"wp","href":"https:\/\/api.w.org\/{rel}","templated":true}]}}