{"id":1139,"date":"2023-02-01T14:41:52","date_gmt":"2023-02-01T13:41:52","guid":{"rendered":"https:\/\/www.freelance.cz\/blog\/?p=1139"},"modified":"2023-02-01T15:05:52","modified_gmt":"2023-02-01T14:05:52","slug":"podnikani-v-duchodu-jaka-specifika-a-povinnosti-se-vas-tykaji","status":"publish","type":"post","link":"https:\/\/www.freelance.cz\/blog\/podnikani-v-duchodu-jaka-specifika-a-povinnosti-se-vas-tykaji\/","title":{"rendered":"Podnik\u00e1n\u00ed v\u00a0d\u016fchodu: Jak\u00e1 specifika a povinnosti se v\u00e1s t\u00fdkaj\u00ed?"},"content":{"rendered":"\n<p>\u0158e\u0161\u00edte odchod do d\u016fchodu, ale nechcete se vzd\u00e1t sv\u00fdch p\u0159\u00edjm\u016f? Na\u0161t\u011bst\u00ed nemus\u00edte, i v&nbsp;d\u016fchodu (a\u0165 u\u017e starobn\u00edm, nebo invalidn\u00edm) m\u016f\u017eete nad\u00e1le podnikat. Jak\u00e1 specifika se s&nbsp;t\u00edmto typem podnik\u00e1n\u00ed poj\u00ed a jak\u00e9 povinnosti se v\u00e1s t\u00fdkaj\u00ed?<\/p>\n\n\n\n<h2 class=\"wp-block-heading\">Pro\u010d se vyplat\u00ed podnikat v&nbsp;d\u016fchodu?<\/h2>\n\n\n\n<p>Zat\u00edmco pro jednoho je dosa\u017een\u00ed d\u016fchodov\u00e9ho v\u011bku meta, na kterou se t\u011b\u0161\u00ed, pro druh\u00e9ho je p\u0159edstava p\u0159em\u00edry voln\u00e9ho \u010dasu sp\u00ed\u0161e d\u011bsiv\u00e1. Dobr\u00e1 zpr\u00e1va je, \u017ee i v&nbsp;d\u016fchodu m\u016f\u017eete nad\u00e1le podnikat, p\u0159\u00edpadn\u011b si \u201ena star\u00e1 kolena\u201c \u017eivnost teprve zalo\u017eit.<\/p>\n\n\n\n<p>Krom\u011b pocitu <strong>seberealizace<\/strong> v\u00e1m smyslupln\u00e1 pr\u00e1ce p\u0159inese tak\u00e9 <strong>lep\u0161\u00ed zdrav\u00ed<\/strong> a v&nbsp;neposledn\u00ed \u0159ad\u011b i zna\u010dn\u00e9 <strong>finan\u010dn\u00ed v\u00fdhody<\/strong>. A to i bez rizika v\u00fdpadku p\u0159\u00edjmu, kter\u00fd m\u016f\u017ee nastat, kdy\u017e se na volnou nohu postav\u00edte bez v\u00fdhody pravideln\u011b vypl\u00e1cen\u00e9ho d\u016fchodu.<\/p>\n\n\n\n<p>Pokud se nav\u00edc rozhodnete vyu\u017e\u00edvat <a href=\"https:\/\/www.freelance.cz\/blog\/coworking-jak-funguje-a-pro-koho-je-vhodny\/\">coworkingov\u00e1 centra<\/a>, dostanete se mezi podobn\u011b sm\u00fd\u0161lej\u00edc\u00ed lidi a <strong>nebudete \u010delit samot\u011b<\/strong>, kter\u00e1 je stra\u0161\u00e1kem v\u011bt\u0161iny lid\u00ed d\u016fchodov\u00e9ho v\u011bku.<\/p>\n\n\n\n<p>Nesm\u00edme zapomenout je\u0161t\u011b jednu, by\u0165 sp\u00ed\u0161 symbolickou, v\u00fdhodu, p\u0159i kter\u00e9 se v\u00e1m ka\u017ed\u00fdch 360 kalend\u00e1\u0159n\u00edch dn\u00ed <strong>zvy\u0161uje v\u00fdpo\u010dtov\u00fd z\u00e1klad d\u016fchodu o 0,4 %.<\/strong><\/p>\n\n\n\n<h2 class=\"wp-block-heading\">V&nbsp;jak\u00e9m oboru podnikat v&nbsp;d\u016fchodu?<\/h2>\n\n\n\n<p>Nem\u00e1te <a href=\"https:\/\/www.freelance.cz\/blog\/proc-je-dulezity-podnikatelsky-zamer-a-jak-si-ho-ujasnit\/\">podnikatelsk\u00fd pl\u00e1n<\/a>? Seberealizovat se m\u016f\u017eete v&nbsp;oboru, ve kter\u00e9m jste dote\u010f pracovali, ale nen\u00ed \u017e\u00e1dnou v\u00fdjimkou, za\u010d\u00edt podnikat v&nbsp;\u00fapln\u011b jin\u00e9m odv\u011btv\u00ed a splnit si d\u00e1vn\u00fd sen.<\/p>\n\n\n\n<p>V\u00fdhodou pokra\u010dov\u00e1n\u00ed v&nbsp;oboru je to, \u017ee za dobu sv\u00e9 kari\u00e9ry jste zvl\u00e1dli nasb\u00edrat kontakty a nemus\u00edte tud\u00ed\u017e za\u010d\u00ednat se sh\u00e1n\u011bn\u00edm zak\u00e1zek \u00fapln\u011b od nuly. Pokud m\u011bn\u00edte obor, zam\u011b\u0159te se na to, co u\u017e um\u00edte a vyu\u017eijte to pro zlep\u0161en\u00ed sv\u00e9 finan\u010dn\u00ed situace. P\u0159\u00edpadn\u011b si nejprve najd\u011bte rekvalifika\u010dn\u00ed kurz, kter\u00fd v\u00e1m v&nbsp;za\u010d\u00e1tc\u00edch pom\u016f\u017ee s&nbsp;orientac\u00ed ve zvolen\u00e9m odv\u011btv\u00ed.<\/p>\n\n\n\n<p><strong>TIP<\/strong>: Nezapome\u0148te se tak\u00e9 registrovat na port\u00e1le <a href=\"http:\/\/www.freelance.cz\/\">freelance.cz<\/a>, kter\u00fd v\u00e1m pom\u016f\u017ee odstartovat \u00fasp\u011b\u0161nou spolupr\u00e1ci s&nbsp;\u0159adou klient\u016f.<\/p>\n\n\n\n<h2 class=\"wp-block-heading\">Jak za\u010d\u00edt podnikat v&nbsp;d\u016fchodu?<\/h2>\n\n\n\n<p>Pokud se rozhodnete pro zalo\u017een\u00ed \u017eivnosti, je pot\u0159eba zaj\u00edt na \u017eivnostensk\u00fd \u00fa\u0159ad v&nbsp;m\u00edst\u011b va\u0161eho bydli\u0161t\u011b, kde vypln\u00edte <a href=\"https:\/\/www.mpo.cz\/assets\/cz\/podnikani\/zivnostenske-podnikani\/crm-jednotny-registracni-formular\/2017\/6\/Jednotny-registracni-formular.pdf\">jednotn\u00fd registra\u010dn\u00ed formul\u00e1\u0159<\/a> a zaplat\u00edte <strong>jednor\u00e1zov\u00fd spr\u00e1vn\u00ed poplatek 1&nbsp;000&nbsp;K\u010d<\/strong>. S&nbsp;sebou pot\u0159ebujete pouze ob\u010dansk\u00fd pr\u016fkaz.<\/p>\n\n\n\n<p>Pokud \u017eivnost zalo\u017e\u00edte pomoc\u00ed jednotn\u00e9ho registra\u010dn\u00edho formul\u00e1\u0159e, ne\u010dek\u00e1 v\u00e1s \u017e\u00e1dn\u00e9 dal\u0161\u00ed ob\u00edh\u00e1n\u00ed \u00fa\u0159ad\u016f. Jeho vypln\u011bn\u00edm dojde k ohl\u00e1\u0161en\u00ed tak\u00e9 na finan\u010dn\u00ed \u00fa\u0159ad, \u010cSSZ i va\u0161i zdravotn\u00ed poji\u0161\u0165ovnu.<\/p>\n\n\n\n<p><strong>TIP<\/strong>: Podrobn\u011bji jsme se zalo\u017een\u00ed \u017eivnosti v\u011bnovali v&nbsp;\u010dl\u00e1nku <a href=\"https:\/\/www.freelance.cz\/blog\/jak-zacit-podnikat-pruvodce-krok-za-krokem\/\">Jak za\u010d\u00edt podnikat: Pr\u016fvodce krok za krokem<\/a>, kde najdete ve\u0161ker\u00e9 podstatn\u00e9 informace.<\/p>\n\n\n\n<h2 class=\"wp-block-heading\">Podnik\u00e1n\u00ed v&nbsp;d\u016fchodu jako \u017eivnost na vedlej\u0161\u00ed \u010dinnost<\/h2>\n\n\n\n<p>V&nbsp;p\u0159\u00edpad\u011b, \u017ee se rozhodnete podnikat v&nbsp;d\u016fchodu, bude se <strong>v\u017edy jednat o \u017eivnost na vedlej\u0161\u00ed \u010dinnost<\/strong>. Z\u00e1kon hovo\u0159\u00ed o vedlej\u0161\u00ed samostatn\u011b v\u00fdd\u011ble\u010dn\u00e9 \u010dinnosti v&nbsp;p\u0159\u00edpad\u011b, \u017ee se podnik\u00e1n\u00ed t\u00fdk\u00e1 <a href=\"https:\/\/www.freelance.cz\/blog\/podnikani-pri-zamestnani-vse-co-potrebujete-vedet-do-zacatku\/\">zam\u011bstnanc\u016f<\/a>, <a href=\"https:\/\/www.freelance.cz\/blog\/proc-zacit-podnikat-uz-pri-studiu\/\">student\u016f do 26 let<\/a>, <a href=\"https:\/\/www.freelance.cz\/blog\/co-obnasi-podnikani-na-materske-a-rodicovske-dovolene\/\">osob, kter\u00e9 maj\u00ed n\u00e1rok na mate\u0159skou dovolenou<\/a> nebo rodi\u010dovsk\u00fd p\u0159\u00edsp\u011bvek, osob vykon\u00e1vaj\u00edc\u00edch vojenskou slu\u017ebu a tak\u00e9 osob pob\u00edraj\u00edc\u00edch starobn\u00ed nebo invalidn\u00ed d\u016fchod.<\/p>\n\n\n\n<h2 class=\"wp-block-heading\">Jak je to s&nbsp;povinn\u00fdmi platbami?<\/h2>\n\n\n\n<p>Proto\u017ee je podnik\u00e1n\u00ed v&nbsp;d\u016fchodu pova\u017eovan\u00e9 za vedlej\u0161\u00ed \u010dinnost, m\u00e1te tu v\u00fdhodu, \u017ee se v\u00e1s minim\u00e1ln\u011b v&nbsp;prvn\u00edm roce podnik\u00e1n\u00ed net\u00fdkaj\u00ed povinn\u00e9 z\u00e1lohy za soci\u00e1ln\u00ed a zdravotn\u00ed poji\u0161t\u011bn\u00ed.<\/p>\n\n\n\n<h3 class=\"wp-block-heading\">Soci\u00e1ln\u00ed poji\u0161t\u011bn\u00ed<\/h3>\n\n\n\n<p>Soci\u00e1ln\u00ed poji\u0161t\u011bn\u00ed budete platit jen v&nbsp;p\u0159\u00edpad\u011b, \u017ee se <strong>k&nbsp;jeho platb\u011b sami p\u0159ihl\u00e1s\u00edte<\/strong>, p\u0159\u00edpadn\u011b kdy\u017e v\u00e1\u0161 <strong>celkov\u00fd ro\u010dn\u00ed v\u00fdd\u011blek p\u0159ekro\u010d\u00ed stanovenou rozhodnou \u010d\u00e1stku<\/strong> pro vedlej\u0161\u00ed \u010dinnost, kter\u00e1 <strong>pro rok 2023 \u010din\u00ed 96&nbsp;777 K\u010d <\/strong>(v p\u0159\u00edpad\u011b, \u017ee jste \u010dinnost nevykon\u00e1vali celoro\u010dn\u011b, ode\u010dte se z&nbsp;t\u00e9to \u010d\u00e1stky za ka\u017ed\u00fd m\u011bs\u00edc, ve kter\u00e9m jste ji nevykon\u00e1vali, 8&nbsp;065 K\u010d).<\/p>\n\n\n\n<p>Rozhodn\u00e1 \u010d\u00e1stka se m\u011bn\u00ed ka\u017ed\u00fd rok a je dobr\u00e9 si ji pohl\u00eddat, proto\u017ee pokud ji p\u0159ekro\u010d\u00edte, by\u0165 jen tro\u0161ku, budete na soci\u00e1ln\u00edm poji\u0161t\u011bn\u00ed dopl\u00e1cet stejn\u011b, jako kdybyste ji p\u0159ekro\u010dili v\u00fdrazn\u011b. Jen s&nbsp;t\u00edm rozd\u00edlem, \u017ee to pro v\u00e1s bude nev\u00fdhodn\u00e9. Pokud tedy budete m\u00edt vy\u0161\u0161\u00ed v\u00fdd\u011blek, ne\u017e je rozhodn\u00e1 \u010d\u00e1stka, je dobr\u00e9 si ho propo\u010d\u00edtat tak, abyste si i po ode\u010dten\u00ed poplatk\u016f za soci\u00e1ln\u00ed poji\u0161t\u011bn\u00ed vyd\u011blali v\u00edce.<\/p>\n\n\n\n<h3 class=\"wp-block-heading\">Zdravotn\u00ed poji\u0161t\u011bn\u00ed<\/h3>\n\n\n\n<p>Z\u00e1lohy na zdravotn\u00ed poji\u0161t\u011bn\u00ed prvn\u00ed rok podnik\u00e1n\u00ed v\u016fbec neplat\u00edte, proto\u017ee je za v\u00e1s plat\u00ed st\u00e1t. Jestli budete zp\u011btn\u011b n\u011bco dopl\u00e1cet, se dozv\u00edte po prvn\u00edm roce, kdy\u017e pod\u00e1te p\u0159ehled na zdravotn\u00ed poji\u0161\u0165ovnu. V\u017edy budete platit a\u017e na z\u00e1klad\u011b dosa\u017een\u00e9ho v\u00fdd\u011blku, a to bez doplatku do minima.<\/p>\n\n\n\n<h2 class=\"wp-block-heading\">OSV\u010c a p\u0159ed\u010dasn\u00fd d\u016fchod<\/h2>\n\n\n\n<p>Podnik\u00e1n\u00ed b\u011bhem p\u0159ed\u010dasn\u00e9ho d\u016fchodu s&nbsp;sebou nese ur\u010dit\u00e1 omezen\u00ed. Abyste nep\u0159i\u0161li o n\u00e1rok o p\u0159ed\u010dasn\u00fd d\u016fchod, <strong>nesm\u00ed v\u00e1\u0161 zisk p\u0159es\u00e1hnout rozhodnou \u010d\u00e1stku<\/strong>. Pokud byste ji p\u0159es\u00e1hli, mus\u00edte se st\u00e1t OSV\u010c na hlavn\u00ed \u010dinnost se v\u0161emi jej\u00edmi povinnostmi.<\/p>\n\n\n\n<h2 class=\"wp-block-heading\">Faktury, da\u0148ov\u00e9 p\u0159izn\u00e1n\u00ed a dal\u0161\u00ed povinnosti<\/h2>\n\n\n\n<p>Jako podnikatel mus\u00edte za sv\u00e9 slu\u017eby\/produkty vystavovat faktury. M\u016f\u017eete na to postaru v&nbsp;Excelov\u00fdch tabulk\u00e1ch, ale ur\u010dit\u011b stoj\u00ed za zv\u00e1\u017een\u00ed vyu\u017eit\u00ed faktura\u010dn\u00edch n\u00e1stroj\u016f, jako je nap\u0159\u00edklad <a href=\"https:\/\/www.idoklad.cz\/\">iDoklad<\/a> nebo <a href=\"https:\/\/www.fakturoid.cz\/\">Fakturoid<\/a>, se kter\u00fdmi budete m\u00edt v&nbsp;\u00fa\u010detnictv\u00ed lep\u0161\u00ed p\u0159ehled. V&nbsp;z\u00e1kladn\u00ed verzi b\u00fdvaj\u00ed bezplatn\u00e9, platit je budete a\u017e v&nbsp;moment\u011b, kdy budete fakturovat v\u00edce klient\u016fm.<\/p>\n\n\n\n<p>OSV\u010c podnikaj\u00edc\u00ed v&nbsp;d\u016fchod\u016f mus\u00ed stejn\u011b jako ostatn\u00ed podnikatel\u00e9 <strong>pod\u00e1vat ka\u017edoro\u010dn\u011b da\u0148ov\u00e9 p\u0159izn\u00e1n\u00ed<\/strong>. Dan\u00edte pouze \u010dist\u00fd zisk, a to sazbou 15 %. Pro v\u00fdpo\u010det zisku lze uplatnit skute\u010dn\u00e9 v\u00fddaje, ale v\u011bt\u0161in\u011b <a href=\"https:\/\/www.freelance.cz\/freelanceri\">freelancer\u016f<\/a> se vyplat\u00ed vyu\u017e\u00edvat v\u00fddajov\u00fd pau\u0161\u00e1l, kter\u00fd spo\u010d\u00edv\u00e1 v&nbsp;ode\u010dten\u00ed fixn\u00ed \u010d\u00e1sti (od 30 do 80 %) od re\u00e1ln\u00fdch ro\u010dn\u00edch p\u0159\u00edjm\u016f.<\/p>\n\n\n\n<p>Proto\u017ee je podnik\u00e1n\u00ed v&nbsp;d\u016fchodu vedlej\u0161\u00ed \u010dinnost, nem\u016f\u017eete uplat\u0148ovat <a href=\"https:\/\/www.financnisprava.cz\/cs\/dane\/dane\/dan-z-prijmu\/pausalni-dan\/obecne-informace\">pau\u0161\u00e1ln\u00ed da\u0148<\/a>, kterou lze uplatnit jen p\u0159i podnik\u00e1n\u00ed na hlavn\u00ed \u010dinnost. M\u016f\u017eete ov\u0161em uplatnit <strong>da\u0148ovou slevu na poplatn\u00edka, kter\u00e1 je pro rok 2023 ve v\u00fd\u0161i 30 840 K\u010d<\/strong>.<\/p>\n\n\n\n<p>Po pod\u00e1n\u00ed da\u0148ov\u00e9ho p\u0159izn\u00e1n\u00ed pak je\u0161t\u011b mus\u00edte <strong>podat p\u0159ehledy o p\u0159\u00edjmech a v\u00fddaj\u00edch<\/strong> na \u010cSSZ a na svou zdravotn\u00ed poji\u0161\u0165ovnu.<\/p>\n\n\n\n<h2 class=\"wp-block-heading\">Jak je to s&nbsp;datovou schr\u00e1nkou?<\/h2>\n\n\n\n<p>Od roku 2023 je ka\u017ed\u00e1 OSV\u010c povinn\u00e1 m\u00edt datovou schr\u00e1nku. <strong>K&nbsp;jej\u00edmu z\u0159\u00edzen\u00ed dojde automaticky po zalo\u017een\u00ed \u017eivnosti<\/strong>. Nen\u00ed pot\u0159eba se toho nijak b\u00e1t. D\u00edky datov\u00e9 schr\u00e1nce m\u016f\u017eete rychleji a jednodu\u0161eji komunikovat s&nbsp;\u00fa\u0159ady, a to zdarma. P\u0159es datovou schr\u00e1nku snadno pod\u00e1te da\u0148ov\u00e9 p\u0159izn\u00e1n\u00ed i p\u0159ehledy pro \u010cSSZ nebo zdravotn\u00ed poji\u0161\u0165ovnu.<\/p>\n","protected":false},"excerpt":{"rendered":"<p>\u0158e\u0161\u00edte odchod do d\u016fchodu, ale nechcete se vzd\u00e1t sv\u00fdch p\u0159\u00edjm\u016f? Na\u0161t\u011bst\u00ed nemus\u00edte, i v&nbsp;d\u016fchodu (a\u0165 u\u017e starobn\u00edm, nebo invalidn\u00edm) m\u016f\u017eete nad\u00e1le podnikat. Jak\u00e1 specifika se s&nbsp;t\u00edmto typem podnik\u00e1n\u00ed poj\u00ed a&#8230;<\/p>\n<div class=\"more-link-wrapper\"><a class=\"more-link\" href=\"https:\/\/www.freelance.cz\/blog\/podnikani-v-duchodu-jaka-specifika-a-povinnosti-se-vas-tykaji\/\">\u010c\u00edst d\u00e1le<span class=\"screen-reader-text\">Podnik\u00e1n\u00ed v\u00a0d\u016fchodu: Jak\u00e1 specifika a povinnosti se v\u00e1s t\u00fdkaj\u00ed?<\/span><\/a><\/div>\n","protected":false},"author":8,"featured_media":1140,"comment_status":"closed","ping_status":"closed","sticky":false,"template":"","format":"standard","meta":{"footnotes":""},"categories":[5,3],"tags":[],"class_list":["post-1139","post","type-post","status-publish","format-standard","has-post-thumbnail","hentry","category-osobni-rozvoj-produktivita","category-pro-freelancery","excerpt"],"aioseo_notices":[],"_links":{"self":[{"href":"https:\/\/www.freelance.cz\/blog\/wp-json\/wp\/v2\/posts\/1139","targetHints":{"allow":["GET"]}}],"collection":[{"href":"https:\/\/www.freelance.cz\/blog\/wp-json\/wp\/v2\/posts"}],"about":[{"href":"https:\/\/www.freelance.cz\/blog\/wp-json\/wp\/v2\/types\/post"}],"author":[{"embeddable":true,"href":"https:\/\/www.freelance.cz\/blog\/wp-json\/wp\/v2\/users\/8"}],"replies":[{"embeddable":true,"href":"https:\/\/www.freelance.cz\/blog\/wp-json\/wp\/v2\/comments?post=1139"}],"version-history":[{"count":1,"href":"https:\/\/www.freelance.cz\/blog\/wp-json\/wp\/v2\/posts\/1139\/revisions"}],"predecessor-version":[{"id":1141,"href":"https:\/\/www.freelance.cz\/blog\/wp-json\/wp\/v2\/posts\/1139\/revisions\/1141"}],"wp:featuredmedia":[{"embeddable":true,"href":"https:\/\/www.freelance.cz\/blog\/wp-json\/wp\/v2\/media\/1140"}],"wp:attachment":[{"href":"https:\/\/www.freelance.cz\/blog\/wp-json\/wp\/v2\/media?parent=1139"}],"wp:term":[{"taxonomy":"category","embeddable":true,"href":"https:\/\/www.freelance.cz\/blog\/wp-json\/wp\/v2\/categories?post=1139"},{"taxonomy":"post_tag","embeddable":true,"href":"https:\/\/www.freelance.cz\/blog\/wp-json\/wp\/v2\/tags?post=1139"}],"curies":[{"name":"wp","href":"https:\/\/api.w.org\/{rel}","templated":true}]}}