{"id":1234,"date":"2023-08-23T10:44:46","date_gmt":"2023-08-23T08:44:46","guid":{"rendered":"https:\/\/www.freelance.cz\/blog\/?p=1234"},"modified":"2023-08-23T13:04:11","modified_gmt":"2023-08-23T11:04:11","slug":"freelanceri-jako-soucast-komunity-jake-vyhody-komunita-prinasi-a-kde-si-najit-tu-svou","status":"publish","type":"post","link":"https:\/\/www.freelance.cz\/blog\/freelanceri-jako-soucast-komunity-jake-vyhody-komunita-prinasi-a-kde-si-najit-tu-svou\/","title":{"rendered":"Freelance\u0159i jako sou\u010d\u00e1st komunity: Jak\u00e9 v\u00fdhody komunita p\u0159in\u00e1\u0161\u00ed a kde si naj\u00edt tu svou?"},"content":{"rendered":"\n<p>Na jedn\u00e9 stran\u011b svoboda, na druh\u00e9 pak izolace. Pokud dlouhodob\u011b pracujete z&nbsp;domova, za\u010dne v\u00e1m nejsp\u00ed\u0161 chyb\u011bt kontakt s&nbsp;kolegy, se kter\u00fdmi vytv\u00e1\u0159\u00edte p\u0159\u00e1telsk\u00e9 vazby a p\u0159ed\u00e1v\u00e1te si n\u00e1pady i v\u011bdomosti. Jestli\u017ee m\u00e1te pocit, \u017ee va\u0161e podnik\u00e1n\u00ed stagnuje, mo\u017en\u00e1 je na \u010dase p\u0159idat se do komunity freelancer\u016f. Co v\u00e1m m\u016f\u017ee nab\u00eddnout a kde ji z\u00edskat?<\/p>\n\n\n\n<h2 class=\"wp-block-heading\">Co m\u016f\u017ee komunita freelancer\u016fm nab\u00eddnout?<\/h2>\n\n\n\n<p>Kdy\u017e si najdete lidi, kte\u0159\u00ed hovo\u0159\u00ed jazykem va\u0161eho kmene, plyne z&nbsp;toho spousta v\u00fdhod. Ty nejd\u016fle\u017eit\u011bj\u0161\u00ed jsme vyp\u00edchli tady.<\/p>\n\n\n\n<h3 class=\"wp-block-heading\">Pocit soun\u00e1le\u017eitosti<\/h3>\n\n\n\n<p>I kdy\u017e d\u00e1v\u00e1te p\u0159ednost samostatn\u00e9 pr\u00e1ci v&nbsp;klidu sv\u00e9 dom\u00e1c\u00ed kancel\u00e1\u0159e, neznamen\u00e1 to, \u017ee chcete b\u00fdt sami neust\u00e1le. <strong>Kontakt s&nbsp;ostatn\u00edmi<\/strong> a ur\u010dit\u00fd <strong>pocit soun\u00e1le\u017eitosti<\/strong> ob\u010das za\u010dne chyb\u011bt i t\u011bm nejv\u011bt\u0161\u00edm introvert\u016fm. A pr\u00e1v\u011b tohle v\u00e1m komunita podobn\u011b sm\u00fd\u0161lej\u00edc\u00edch <a href=\"https:\/\/www.freelance.cz\/freelanceri\">freelancer\u016f<\/a> m\u016f\u017ee poskytnout.<\/p>\n\n\n\n<h3 class=\"wp-block-heading\">Sd\u00edlen\u00ed v\u011bdomost\u00ed a zku\u0161enost\u00ed<\/h3>\n\n\n\n<p>Komu se nestalo, \u017ee se najednou zaseknul a nemohl se hnout z&nbsp;m\u00edsta? <strong>Komunita je skv\u011bl\u00e1 studnice v\u011bdomost\u00ed<\/strong>, kam si m\u016f\u017eete v&nbsp;p\u0159\u00edpad\u011b pot\u0159eby s\u00e1hnout pro radu. A d\u00edky zku\u0161enostem ostatn\u00edch nemus\u00edte opakovat ty stejn\u00e9 chyby. P\u0159\u00ed\u0161t\u011b takhle pom\u016f\u017eete zase vy n\u011bkomu juniorn\u011bj\u0161\u00edmu.<\/p>\n\n\n\n<h3 class=\"wp-block-heading\">Roz\u0161\u00ed\u0159en\u00ed obzor\u016f<\/h3>\n\n\n\n<p>I kdy\u017e podnik\u00e1te ve stejn\u00e9m oboru jako ostatn\u00ed, neznamen\u00e1 to, \u017ee m\u00e1te ka\u017ed\u00fd stejn\u00e9 zku\u0161enosti a pohled na v\u011bc. <strong>Mo\u017enost probrat probl\u00e9m z&nbsp;r\u016fzn\u00fdch \u00fahl\u016f<\/strong> je n\u011bkdy opravdu k&nbsp;nezaplacen\u00ed. Kdy\u017e se nav\u00edc vyd\u00e1te ven ze sv\u00e9 pohodln\u00e9 a bezpe\u010dn\u00e9 bubliny je\u0161t\u011b kousek za sv\u016fj obor, objev\u00edte tam sv\u011b\u017e\u00ed pohled na v\u011bc, kter\u00fd funguje jako protil\u00e1tka na&nbsp;<a href=\"https:\/\/www.freelance.cz\/blog\/tvurci-blok-jak-ho-prekonat-a-lze-mu-predchazet\/\">tv\u016fr\u010d\u00ed blok<\/a>, p\u0159\u00edpadn\u011b tam najdete i mo\u017enost nav\u00e1z\u00e1n\u00ed nov\u00e9 spolupr\u00e1ce.<\/p>\n\n\n\n<h3 class=\"wp-block-heading\">Rozv\u00edjen\u00ed komunika\u010dn\u00edch dovednost\u00ed<\/h3>\n\n\n\n<p>Jsou obory, kde toho namluv\u00edte spoustu i v&nbsp;<a href=\"https:\/\/www.freelance.cz\/blog\/home-office-jak-byt-produktivni-a-neprokrastinovat\/\">home officu<\/a>, nen\u00ed to ale \u00fapln\u011b b\u011b\u017en\u00e9. Schopnost <strong>komunikace je dovednost jako ka\u017ed\u00e1 jin\u00e1<\/strong>. Kdy\u017e se nepou\u017e\u00edv\u00e1, tak reziv\u00ed, kdy\u017e ji procvi\u010dujete, budete se v&nbsp;n\u00ed zlep\u0161ovat. Dobr\u00e9 komunika\u010dn\u00ed dovednosti jsou kl\u00ed\u010dov\u00e9 pro rozv\u00edjen\u00ed va\u0161eho podnik\u00e1n\u00ed i pro \u0159e\u0161en\u00ed z\u00e1le\u017eitost\u00ed s (potenci\u00e1ln\u00edmi) klienty.<\/p>\n\n\n\n<h3 class=\"wp-block-heading\">Psychickou podporu<\/h3>\n\n\n\n<p>Na voln\u00e9 noze \u010das od \u010dasu \u0159e\u0161\u00edte stres spojen\u00fd s nepravideln\u00fdmi p\u0159\u00edjmy i nejistotou ohledn\u011b dostate\u010dn\u00e9ho mno\u017estv\u00ed pr\u00e1ce. A s&nbsp;k\u00fdm l\u00e9pe tyto starosti probrat ne\u017e s&nbsp;n\u011bk\u00fdm, kdo si t\u00edm tak\u00e9 pro\u0161el? M\u00edt kolem sebe lidi, se kter\u00fdmi proberete radosti i strasti freelancingu m\u016f\u017ee pomoct zvl\u00e1dat stres, osam\u011blost a dal\u0161\u00ed psychologick\u00e9 aspekty pr\u00e1ce na voln\u00e9 noze.<\/p>\n\n\n\n<h2 class=\"wp-block-heading\">Kde naj\u00edt freelancerskou komunitu?<\/h2>\n\n\n\n<p>Zapojen\u00ed do komunity volnono\u017ec\u016f je tedy cenn\u00fdm zdrojem podpory, vzd\u011bl\u00e1n\u00ed i p\u0159\u00edle\u017eitost\u00ed profesn\u00edho r\u016fstu. Roz\u0161i\u0159uje va\u0161e mo\u017enosti, pom\u00e1h\u00e1 v\u00e1m l\u00e9pe se vyrovnat s v\u00fdzvami a umo\u017e\u0148uje budovat s\u00ed\u0165 kontakt\u016f pro budouc\u00ed spolupr\u00e1ce. Kde takovou komunitu ale naj\u00edt?<\/p>\n\n\n\n<h3 class=\"wp-block-heading\">Online platformy a soci\u00e1ln\u00ed s\u00edt\u011b<\/h3>\n\n\n\n<p>Nejsnaz\u0161\u00ed mo\u017enost zapojen\u00ed do komunity nab\u00edz\u00ed soci\u00e1ln\u00ed s\u00edt\u011b, jako je nap\u0159\u00edklad Facebook nebo <a href=\"https:\/\/www.linkedin.com\/\">LinkedIn<\/a>. Tam najdete obecn\u011bj\u0161\u00ed freelancersk\u00e9 komunity i u\u017e\u0161\u00ed oborov\u00e9. Propojit se s&nbsp;dal\u0161\u00edmi specialisty ale lze i nap\u0159\u00edklad pomoc\u00ed pracovn\u00edho n\u00e1stroje <a href=\"https:\/\/slack.com\/\">Slack<\/a>, kter\u00fd krom\u011b komunikace s&nbsp;klientem a pl\u00e1nov\u00e1n\u00ed pr\u00e1ce nab\u00edz\u00ed mo\u017enost nav\u00e1z\u00e1n\u00ed kontaktu s&nbsp;ostatn\u00edmi volnono\u017eci.<\/p>\n\n\n\n<h3 class=\"wp-block-heading\">Coworkingov\u00e1 centra<\/h3>\n\n\n\n<p>I kdy\u017e i online komunikace p\u0159in\u00e1\u0161\u00ed spoustu v\u00fdhod, aspo\u0148 ob\u010dasn\u00e1 pr\u00e1ce mezi lidmi je nenahraditeln\u00e1 \u2013 dok\u00e1\u017ee sn\u00ed\u017eit \u00farove\u0148 stresu a zvy\u0161uje dokonce i motivaci k&nbsp;dokon\u010den\u00ed <a href=\"https:\/\/www.freelance.cz\/projekty\">projekt\u016f<\/a>. Coworkingov\u00e1 centra, kter\u00e1 nab\u00edz\u00ed sd\u00edlen\u00e9 pracovn\u00ed prostory, za\u017e\u00edvaj\u00ed v&nbsp;posledn\u00edch letech boom a najdete je d\u00e1vno i mimo Prahu nebo Brno.<\/p>\n\n\n\n<p>Pokud se boj\u00edte, \u017ee v&nbsp;coworkingu nebudete m\u00edt dostatek klidu na pr\u00e1ci, proto\u017ee se st\u00e1le n\u011bkde n\u011bco \u0159e\u0161\u00ed, nen\u00ed pot\u0159eba se ob\u00e1vat. Ur\u010dit\u00e1 m\u00edra ruchu tam samoz\u0159ejm\u011b je, ale to jde vy\u0159e\u0161it nap\u0159\u00edklad samostatnou kancel\u00e1\u0159\u00ed, ze kter\u00e9 vyjdete za kouskem socializace a\u017e ve chv\u00edli, kdy budete m\u00edt chu\u0165.<\/p>\n\n\n\n<p><strong>TIP<\/strong>: Zjist\u011bte, <a href=\"https:\/\/www.freelance.cz\/blog\/coworking-jak-funguje-a-pro-koho-je-vhodny\/\">jak\u00e9 dal\u0161\u00ed v\u00fdhody (a nev\u00fdhody) coworking nab\u00edz\u00ed<\/a>.<\/p>\n\n\n\n<h3 class=\"wp-block-heading\">Workshopy a \u0161kolen\u00ed<\/h3>\n\n\n\n<p>Dal\u0161\u00ed mo\u017enost\u00ed, kde se sezn\u00e1mit, je chozen\u00ed na <strong>oborov\u00e9 workshopy, kde je krom\u011b poslouch\u00e1n\u00ed vy\u017eadovan\u00e1 tak\u00e9 ur\u010dit\u00e1 m\u00edra interakce<\/strong>. Na \u0161kolen\u00ed se sice tak\u00e9 sezn\u00e1m\u00edte, ale vy\u017eaduje to u\u017e v\u011bt\u0161\u00ed iniciativu. Z&nbsp;tohoto ohledu jsou vhodn\u00e1 online \u0161kolen\u00ed, kter\u00e1 \u010dasto m\u00edvaj\u00ed i p\u0159idru\u017eenou skupinu, kde m\u00e1te mo\u017enost sv\u00e9 dojmy prob\u00edrat s&nbsp;ostatn\u00edmi.<\/p>\n\n\n\n<h3 class=\"wp-block-heading\">Networkingov\u00e9 akce<\/h3>\n\n\n\n<p>Na budov\u00e1n\u00ed s\u00edt\u011b kontakt\u016f je pak vhodn\u00fd samoz\u0159ejm\u011b i networking, kter\u00fd m\u00e1 tuto svou schopnost p\u0159\u00edmo v&nbsp;n\u00e1zvu. Kdy\u017e c\u00edlen\u011b vyraz\u00edte sb\u00edrat nov\u00e9 kontakty, naraz\u00edte na specialisty z&nbsp;oboru, se kter\u00fdmi si budete vym\u011b\u0148ovat zku\u0161enosti, i t\u0159eba na mentora, kter\u00fd v\u00e1m pom\u016f\u017ee s&nbsp;rozvojem. Jako p\u0159\u00edjemn\u00fd bonus m\u016f\u017eete narazit i na potenci\u00e1ln\u00ed klienty.<\/p>\n\n\n\n<p><strong>TIP<\/strong>: P\u0159e\u010dt\u011bte si, <a href=\"https:\/\/www.freelance.cz\/blog\/jak-na-networking-na-volne-noze\/\">jak na networking na voln\u00e9 noze<\/a>, abyste z&nbsp;n\u011bj dostali co nejv\u00edce.<\/p>\n\n\n\n<h3 class=\"wp-block-heading\">Profesn\u00ed sdru\u017een\u00ed<\/h3>\n\n\n\n<p>Profesn\u00ed asociace mohou p\u016fsobit nucen\u011b a nel\u00e1kav\u011b, ale nenechte se zastra\u0161it neochotou ke sdru\u017eov\u00e1n\u00ed, kter\u00e1 se s&nbsp;n\u00e1mi t\u00e1hne od minul\u00e9ho re\u017eimu. Takov\u00e9 \u010dlenstv\u00ed v\u00e1m m\u016f\u017ee poskytnou konkuren\u010dn\u00ed v\u00fdhodu, p\u0159ehled o aktu\u00e1ln\u00edm d\u011bn\u00ed a spoustu nov\u00fdch u\u017eite\u010dn\u00fdch kontakt\u016f.<\/p>\n","protected":false},"excerpt":{"rendered":"<p>Na jedn\u00e9 stran\u011b svoboda, na druh\u00e9 pak izolace. Pokud dlouhodob\u011b pracujete z&nbsp;domova, za\u010dne v\u00e1m nejsp\u00ed\u0161 chyb\u011bt kontakt s&nbsp;kolegy, se kter\u00fdmi vytv\u00e1\u0159\u00edte p\u0159\u00e1telsk\u00e9 vazby a p\u0159ed\u00e1v\u00e1te si n\u00e1pady i v\u011bdomosti. Jestli\u017ee&#8230;<\/p>\n<div class=\"more-link-wrapper\"><a class=\"more-link\" href=\"https:\/\/www.freelance.cz\/blog\/freelanceri-jako-soucast-komunity-jake-vyhody-komunita-prinasi-a-kde-si-najit-tu-svou\/\">\u010c\u00edst d\u00e1le<span class=\"screen-reader-text\">Freelance\u0159i jako sou\u010d\u00e1st komunity: Jak\u00e9 v\u00fdhody komunita p\u0159in\u00e1\u0161\u00ed a kde si naj\u00edt tu svou?<\/span><\/a><\/div>\n","protected":false},"author":8,"featured_media":1235,"comment_status":"closed","ping_status":"closed","sticky":false,"template":"","format":"standard","meta":{"footnotes":""},"categories":[5,3],"tags":[],"class_list":["post-1234","post","type-post","status-publish","format-standard","has-post-thumbnail","hentry","category-osobni-rozvoj-produktivita","category-pro-freelancery","excerpt"],"aioseo_notices":[],"_links":{"self":[{"href":"https:\/\/www.freelance.cz\/blog\/wp-json\/wp\/v2\/posts\/1234","targetHints":{"allow":["GET"]}}],"collection":[{"href":"https:\/\/www.freelance.cz\/blog\/wp-json\/wp\/v2\/posts"}],"about":[{"href":"https:\/\/www.freelance.cz\/blog\/wp-json\/wp\/v2\/types\/post"}],"author":[{"embeddable":true,"href":"https:\/\/www.freelance.cz\/blog\/wp-json\/wp\/v2\/users\/8"}],"replies":[{"embeddable":true,"href":"https:\/\/www.freelance.cz\/blog\/wp-json\/wp\/v2\/comments?post=1234"}],"version-history":[{"count":1,"href":"https:\/\/www.freelance.cz\/blog\/wp-json\/wp\/v2\/posts\/1234\/revisions"}],"predecessor-version":[{"id":1236,"href":"https:\/\/www.freelance.cz\/blog\/wp-json\/wp\/v2\/posts\/1234\/revisions\/1236"}],"wp:featuredmedia":[{"embeddable":true,"href":"https:\/\/www.freelance.cz\/blog\/wp-json\/wp\/v2\/media\/1235"}],"wp:attachment":[{"href":"https:\/\/www.freelance.cz\/blog\/wp-json\/wp\/v2\/media?parent=1234"}],"wp:term":[{"taxonomy":"category","embeddable":true,"href":"https:\/\/www.freelance.cz\/blog\/wp-json\/wp\/v2\/categories?post=1234"},{"taxonomy":"post_tag","embeddable":true,"href":"https:\/\/www.freelance.cz\/blog\/wp-json\/wp\/v2\/tags?post=1234"}],"curies":[{"name":"wp","href":"https:\/\/api.w.org\/{rel}","templated":true}]}}