{"id":1264,"date":"2023-10-31T10:45:44","date_gmt":"2023-10-31T09:45:44","guid":{"rendered":"https:\/\/www.freelance.cz\/blog\/?p=1264"},"modified":"2023-10-31T11:35:04","modified_gmt":"2023-10-31T10:35:04","slug":"poradite-si-s-fakturami-sami-zjistete-kdy-se-obratit-na-danoveho-poradce-ci-ucetniho","status":"publish","type":"post","link":"https:\/\/www.freelance.cz\/blog\/poradite-si-s-fakturami-sami-zjistete-kdy-se-obratit-na-danoveho-poradce-ci-ucetniho\/","title":{"rendered":"Porad\u00edte si s fakturami sami? Zjist\u011bte, kdy se obr\u00e1tit na da\u0148ov\u00e9ho poradce \u010di \u00fa\u010detn\u00edho"},"content":{"rendered":"\n<p>Rozjeli jste podnik\u00e1n\u00ed a nejste si \u00fapln\u011b jist\u00ed, co k probl\u00e9mu dan\u011bn\u00ed p\u0159\u00edjm\u016f \u0159\u00edk\u00e1 legislativa? Zjist\u011bte, jestli si vysta\u010d\u00edte sami, nebo bude pot\u0159eba vyu\u017e\u00edt slu\u017eeb specialist\u016f.<\/p>\n\n\n\n<h2 class=\"wp-block-heading\">Kdy mus\u00edte v\u00e9st \u00fa\u010detnictv\u00ed, kdy sta\u010d\u00ed da\u0148ov\u00e1 evidence a jak\u00e9 jsou dal\u0161\u00ed mo\u017enosti?<\/h2>\n\n\n\n<p>Na voln\u00e9 noze m\u00e1te hned n\u011bkolik zp\u016fsob\u016f, jak evidovat a danit sv\u00e9 p\u0159\u00edjmy. A to bu\u010f veden\u00edm da\u0148ov\u00e9 evidence, uplatn\u011bn\u00edm pau\u0161\u00e1ln\u00edch v\u00fddaj\u016f, p\u0159ihl\u00e1\u0161en\u00edm k&nbsp;pau\u0161\u00e1ln\u00ed dani nebo veden\u00edm \u00fa\u010detnictv\u00ed. Jak\u00fd je mezi nimi rozd\u00edl?<\/p>\n\n\n\n<h3 class=\"wp-block-heading\">Veden\u00ed da\u0148ov\u00e9 evidence<\/h3>\n\n\n\n<p>Da\u0148ovou evidenci upravuje <a href=\"https:\/\/www.zakonyprolidi.cz\/cs\/1992-586\">z\u00e1kon o dani z&nbsp;p\u0159\u00edjm\u016f<\/a> a star\u0161\u00ed ro\u010dn\u00edky ji znaj\u00ed je\u0161t\u011b jako jednoduch\u00e9 \u00fa\u010detnictv\u00ed. <strong>Evidovat tu budete p\u0159\u00edjmy a v\u00fddaje<\/strong> (kter\u00e9 se d\u00e1le d\u011bl\u00ed na zdaniteln\u00e9 a nezdaniteln\u00e9), stejn\u011b jako <strong>informace o nepen\u011b\u017en\u00edch p\u0159\u00edjmech a v\u00fddaj\u00edch<\/strong>. Z\u00e1klad pro v\u00fdpo\u010det dan\u011b tu tvo\u0159\u00ed rozd\u00edl mezi p\u0159\u00edjmy a v\u00fddaji.<\/p>\n\n\n\n<h3 class=\"wp-block-heading\">Uplatn\u011bn\u00ed pau\u0161\u00e1ln\u00edch v\u00fddaj\u016f<\/h3>\n\n\n\n<p>Jednodu\u0161\u0161\u00ed formou, kde <strong>odpad\u00e1 evidence v\u00fddaj\u016f<\/strong>, je uplatn\u011bn\u00ed pau\u0161\u00e1ln\u00edch v\u00fddaj\u016f. Pokud m\u00e1te re\u00e1ln\u011b n\u00edzk\u00e9 v\u00fddaje, je pro v\u00e1s tato forma v\u00fdhodn\u011bj\u0161\u00ed ne\u017e da\u0148ov\u00e1 evidence. V\u00fddaje se zde vykazuj\u00ed procentem (nej\u010dast\u011bji 60 %, horn\u00ed limit v\u00fddaj\u016f je v&nbsp;tomto p\u0159\u00edpad\u011b 1&nbsp;200&nbsp;000 K\u010d). V\u00fdhodou je tak\u00e9 to, \u017ee nemus\u00edte shroma\u017e\u010fovat doklady k&nbsp;v\u00fddaj\u016fm.<\/p>\n\n\n\n<h3 class=\"wp-block-heading\">P\u0159ihl\u00e1\u0161en\u00ed k&nbsp;pau\u0161\u00e1ln\u00ed dani<\/h3>\n\n\n\n<p>Je\u0161t\u011b jednodu\u0161\u0161\u00ed pak b\u00fdv\u00e1 pau\u0161\u00e1ln\u00ed da\u0148, kdy <strong>m\u011bs\u00ed\u010dn\u011b odv\u00e1d\u00edte jednu platbu<\/strong> zahrnuj\u00edc\u00ed z\u00e1lohu na da\u0148 a odvod na soci\u00e1ln\u00ed a zdravotn\u00ed poji\u0161t\u011bn\u00ed. Velkou v\u00fdhodou je, \u017ee p\u0159i volb\u011b pau\u0161\u00e1ln\u00ed dan\u011b <strong>nemus\u00edte pod\u00e1vat da\u0148ov\u00e9 p\u0159izn\u00e1n\u00ed<\/strong>.<\/p>\n\n\n\n<p>P\u0159ihl\u00e1sit se k&nbsp;pau\u0161\u00e1ln\u00ed dani mohou ale jen ta OSV\u010c, kter\u00e1 spln\u00ed n\u011bkolik podm\u00ednek:<\/p>\n\n\n\n<ul class=\"wp-block-list\">\n<li>maj\u00ed ro\u010dn\u00ed p\u0159\u00edjmy z&nbsp;podnik\u00e1n\u00ed ni\u017e\u0161\u00ed ne\u017e 2 miliony korun,<\/li>\n\n\n\n<li>nejsou pl\u00e1tci DPH,<\/li>\n\n\n\n<li>nemaj\u00ed zam\u011bstn\u00e1n\u00ed, u kter\u00e9ho se mzda dan\u00ed z\u00e1lohou z dan\u00ed,<\/li>\n\n\n\n<li>nejsou v&nbsp;insolven\u010dn\u00edm \u0159\u00edzen\u00ed.<\/li>\n<\/ul>\n\n\n\n<p>I kdy\u017e to vypad\u00e1 jako nejv\u00fdhodn\u011bj\u0161\u00ed zp\u016fsob, p\u0159i men\u0161\u00edch v\u00fdd\u011blc\u00edch se v\u00e1m ale stejn\u011b vyplat\u00ed sp\u00ed\u0161 uplatn\u011bn\u00ed pau\u0161\u00e1ln\u00edch v\u00fddaj\u016f. V\u00fdhody z\u00edsk\u00e1te, kdy\u017e ro\u010dn\u011b vyfakturujete od 600&nbsp;000 do 2 milion\u016f korun a uplat\u0148ujete jen minimum slev na dani.<\/p>\n\n\n\n<h3 class=\"wp-block-heading\">Veden\u00ed \u00fa\u010detnictv\u00ed<\/h3>\n\n\n\n<p>\u00da\u010detnictv\u00ed, kter\u00e9 m\u016f\u017eete tak\u00e9 zn\u00e1t pod d\u0159\u00edv\u011bj\u0161\u00edm n\u00e1zvem podvojn\u00e9 \u00fa\u010detnictv\u00ed, je b\u011b\u017en\u011bj\u0161\u00ed sp\u00ed\u0161e u pr\u00e1vnick\u00fdch osob, u OSV\u010c se jedn\u00e1 sp\u00ed\u0161e o v\u00fdjimky. \u00da\u010detnictv\u00ed budete muset jako OSV\u010c v\u00e9st, kdy\u017e <strong>spln\u00edte aspo\u0148 jednu z&nbsp;n\u00e1sleduj\u00edc\u00edch podm\u00ednek<\/strong>:<\/p>\n\n\n\n<ul class=\"wp-block-list\">\n<li>Kdy\u017e se (dobrovoln\u011b) nech\u00e1te zapsat do obchodn\u00edho rejst\u0159\u00edku.<\/li>\n\n\n\n<li>Pokud m\u00e1te obrat za posledn\u00ed kalend\u00e1\u0159n\u00ed rok vy\u0161\u0161\u00ed ne\u017e 25 milion\u016f.<\/li>\n\n\n\n<li>\u00da\u010detnictv\u00ed mus\u00edte v\u00e9st povinn\u011b na z\u00e1klad\u011b zvl\u00e1\u0161tn\u00edho p\u0159edpisu.<\/li>\n\n\n\n<li>Jste spole\u010dn\u00edky ve spole\u010dnosti, kde jin\u00ed spole\u010dn\u00edci vedou \u00fa\u010detnictv\u00ed.<\/li>\n\n\n\n<li>Dobrovoln\u011b se rozhodnete pro veden\u00ed \u00fa\u010detnictv\u00ed. V&nbsp;tomto p\u0159\u00edpad\u011b ho mus\u00edte v\u00e9st minim\u00e1ln\u011b 5 let, ne\u017e se budete moct vr\u00e1tit k&nbsp;da\u0148ov\u00e9 evidenci.<\/li>\n<\/ul>\n\n\n\n<p>Na rozd\u00edl od da\u0148ov\u00e9 evidence, kter\u00e1 vede rozd\u00edl mezi p\u0159\u00edjmy a v\u00fddaji, je \u00fa\u010detnictv\u00ed rozd\u00edlem mezi v\u00fdnosy a n\u00e1klady.<\/p>\n\n\n\n<h2 class=\"wp-block-heading\">Kdy zvl\u00e1dnete \u00fa\u010detnictv\u00ed sami, a kdy je lep\u0161\u00ed najmout odborn\u00edka?<\/h2>\n\n\n\n<p>S&nbsp;evidenc\u00ed a zdan\u011bn\u00edm p\u0159\u00edjm\u016f <strong>si porad\u00edte sami, pokud uplat\u0148ujete pau\u0161\u00e1ln\u00ed v\u00fddaje, nebo jste p\u0159ihl\u00e1\u0161en\u00ed k&nbsp;pau\u0161\u00e1ln\u00ed dani<\/strong>. \u00da\u010detn\u00ed programy, jako je nap\u0159\u00edklad <a href=\"https:\/\/www.fakturoid.cz\/\">Fakturoid<\/a> nebo <a href=\"https:\/\/www.idoklad.cz\/\">iDoklad<\/a>, se nav\u00edc postaraj\u00ed o zjednodu\u0161en\u00ed administrativy a prakticky vy\u0159e\u0161\u00ed dan\u011b za v\u00e1s.<\/p>\n\n\n\n<p>U pau\u0161\u00e1ln\u00edch v\u00fddaj\u016f pak z\u00e1le\u017e\u00ed, jestli nem\u00e1te je\u0161t\u011b dal\u0161\u00ed p\u0159\u00edjmy ne\u017e jen ty z&nbsp;podnik\u00e1n\u00ed. Tam se rozhodn\u011bte podle toho, jestli m\u00e1te v&nbsp;\u00fa\u010detnictv\u00ed aspo\u0148 z\u00e1kladn\u00ed p\u0159ehled a v\u00edte, kter\u00e1 kolonka v&nbsp;da\u0148ov\u00e9m p\u0159izn\u00e1n\u00ed k&nbsp;\u010demu slou\u017e\u00ed.<\/p>\n\n\n\n<p>V&nbsp;p\u0159\u00edpad\u011b veden\u00ed da\u0148ov\u00e9 evidence nebo \u00fa\u010detnictv\u00ed se v\u00e1m v\u0161ak vyplat\u00ed najmout \u00fa\u010detn\u00edho nebo da\u0148ov\u00e9ho poradce. Nejprve si ale vysv\u011btleme, jak\u00fd je mezi nimi rozd\u00edl.<\/p>\n\n\n\n<h2 class=\"wp-block-heading\">Rozd\u00edl mezi \u00fa\u010detn\u00edm a da\u0148ov\u00fdm poradcem. Koho si vybrat?<\/h2>\n\n\n\n<p>Pr\u00e1ce obou profes\u00ed se v&nbsp;ur\u010dit\u00fdch \u010d\u00e1stech p\u0159ekr\u00fdv\u00e1, jedn\u00e1 se v\u0161ak o dv\u011b rozd\u00edln\u00e1 povol\u00e1n\u00ed. Co tedy d\u011bl\u00e1 \u00fa\u010detn\u00ed, co spad\u00e1 pod da\u0148ov\u00e9 poradenstv\u00ed, kdy je lep\u0161\u00ed obr\u00e1tit se na \u00fa\u010detn\u00edho, a kdy naopak na da\u0148ov\u00e9ho poradce?<\/p>\n\n\n\n<h3 class=\"wp-block-heading\">Co d\u011bl\u00e1 \u00fa\u010detn\u00ed<\/h3>\n\n\n\n<p>Jak u\u017e n\u00e1zev napov\u00edd\u00e1, jedn\u00e1 se o odborn\u00edka na veden\u00ed \u00fa\u010detnictv\u00ed. Do jeho kompetence spadaj\u00ed <strong>ve\u0161ker\u00e9 \u00fa\u010detn\u00ed povinnosti<\/strong>, jako je nap\u0159\u00edklad zpracov\u00e1n\u00ed podklad\u016f pro da\u0148ov\u00e9 p\u0159izn\u00e1n\u00ed, ne v\u0161ak jeho samotn\u00e1 tvorba. Podklady \u00fa\u010detn\u00ed neodevzd\u00e1v\u00e1 pod sv\u00fdm jm\u00e9nem a nenese tak z&nbsp;pr\u00e1vn\u00edho hlediska zodpov\u011bdnost za v\u00fdsledn\u00e9 da\u0148ov\u00e9 p\u0159izn\u00e1n\u00ed.<\/p>\n\n\n\n<p>\u00da\u010detn\u00ed pom\u016f\u017ee p\u0159i zpracov\u00e1v\u00e1n\u00ed finan\u010dn\u00edch transakc\u00ed, evidenci a archivaci doklad\u016f, sestaven\u00ed \u00fa\u010detn\u00ed z\u00e1v\u011brky i ji\u017e zm\u00edn\u011bn\u00e9 p\u0159\u00edprav\u011b podklad\u016f pro da\u0148ov\u00e9 p\u0159izn\u00e1n\u00ed. Tak\u00e9 v\u00e1s m\u016f\u017ee zastupovat p\u0159i jedn\u00e1n\u00ed s&nbsp;\u00fa\u0159ady.<\/p>\n\n\n\n<p>Jeho slu\u017eby vyu\u017eijete, pokud <strong>vedete \u00fa\u010detnictv\u00ed<\/strong>, <strong>jste pl\u00e1tcem DPH<\/strong> a chcete si usnadnit \u017eivot, hodila by se v\u00e1m <strong>pomoc s&nbsp;finan\u010dn\u00edmi v\u00fdkazy<\/strong>, stejn\u011b tak kdy\u017e <strong>pot\u0159ebujete profesion\u00e1ln\u00ed zastoupen\u00ed p\u0159ed finan\u010dn\u00edm \u00fa\u0159adem<\/strong>.<\/p>\n\n\n\n<p>V\u00fdhodou spolupr\u00e1ce s&nbsp;\u00fa\u010detn\u00edm je, \u017ee se nemus\u00edte orientovat v&nbsp;z\u00e1konech a sledovat ve\u0161ker\u00e9 zm\u011bny, d\u00edky \u010demu\u017e budete m\u00edt \u00fa\u010detnictv\u00ed v&nbsp;po\u0159\u00e1dku. <strong>Za v\u00fdsledek ale v\u017edy zodpov\u00edd\u00e1te vy, nikoli \u00fa\u010detn\u00ed<\/strong>. V\u00fdb\u011br specialisty tak nepodce\u0148te.<\/p>\n\n\n\n<h3 class=\"wp-block-heading\">Co d\u011bl\u00e1 da\u0148ov\u00fd poradce<\/h3>\n\n\n\n<p>Da\u0148ov\u00fd poradce v\u00e1m pom\u016f\u017ee s&nbsp;tvorbou dokument\u016f t\u00fdkaj\u00edc\u00edch se dan\u00ed, a to v\u010detn\u011b kontroln\u00edch hl\u00e1\u0161en\u00ed a da\u0148ov\u00fdch p\u0159izn\u00e1n\u00ed. Pro vykon\u00e1v\u00e1n\u00ed t\u00e9to profese je nejprve pot\u0159eba slo\u017eit n\u00e1ro\u010dnou zkou\u0161ku a b\u00fdt veden\u00fd v&nbsp;seznamu Komory da\u0148ov\u00fdch poradc\u016f. Povinn\u011b pak mus\u00ed m\u00edt sjednan\u00e9 <strong>poji\u0161t\u011bn\u00ed profesn\u00ed odpov\u011bdnosti za \u0161kodu<\/strong>, proto\u017ee chyby se v&nbsp;t\u00e9to profesi mohou p\u011bkn\u011b prodra\u017eit.<\/p>\n\n\n\n<p>Da\u0148ov\u00fd poradce pom\u016f\u017ee s&nbsp;vypracov\u00e1n\u00edm da\u0148ov\u00e9ho p\u0159izn\u00e1n\u00ed, stejn\u011b tak i s&nbsp;jeho pod\u00e1n\u00edm. Jako odborn\u00edk na da\u0148ov\u00e9 pr\u00e1vo dok\u00e1\u017ee poradit s&nbsp;dan\u011bmi, povinn\u00fdmi odvody a da\u0148ov\u00fdmi v\u00fdhodami, na kter\u00e9 m\u00e1te n\u00e1rok. Pokud je pot\u0159eba, dok\u00e1\u017ee v\u00e1s zastoupit v&nbsp;oblasti dan\u00ed. M\u016f\u017ee v\u00e9st i \u00fa\u010detnictv\u00ed, ne v\u0161ak samostatn\u011b, ale jen kdy\u017e se tato slu\u017eba v\u00e1\u017ee na da\u0148ov\u00e9 poradenstv\u00ed.<\/p>\n\n\n\n<p>Jeho slu\u017eby se v\u00e1m budou hodit v&nbsp;p\u0159\u00edpad\u011b, \u017ee hled\u00e1te n\u011bkoho, kdo v\u00e1m <strong>zpracuje da\u0148ov\u00e9 p\u0159izn\u00e1n\u00ed<\/strong>, pot\u0159ebujete <strong>poradit s&nbsp;neobvykl\u00fdmi da\u0148ov\u00fdmi situacemi<\/strong>, uv\u00edt\u00e1te radu<strong>, jak u\u0161et\u0159it na dan\u00edch<\/strong>, nebo pot\u0159ebujete zkontrolovat, zda dan\u011b a pojistn\u00e9 plat\u00edte spr\u00e1vn\u011b.<\/p>\n\n\n\n<p>A \u017ee v\u00e1m <a href=\"https:\/\/www.freelance.cz\/blog\/deadliny-jak-je-realisticky-odhadnout-a-jak-je-dodrzet\/\">deadliny<\/a> d\u011blaj\u00ed trochu pot\u00ed\u017e? S&nbsp;da\u0148ov\u00fdm poradcem <strong>m\u00e1te \u010das na pod\u00e1n\u00ed p\u0159izn\u00e1n\u00ed dan\u011b z&nbsp;p\u0159\u00edjmu o 3 m\u011bs\u00edce del\u0161\u00ed lh\u016ftu<\/strong>, odevzdat ho m\u016f\u017eete a\u017e do 3. \u010dervence.<\/p>\n\n\n\n<h3 class=\"wp-block-heading\">Koho si vybrat?<\/h3>\n\n\n\n<p>Jako freelancer sp\u00ed\u0161e ocen\u00edte slu\u017eby da\u0148ov\u00e9ho poradce, kter\u00fd za v\u00e1s vypracuje da\u0148ov\u00e9 p\u0159izn\u00e1n\u00ed a pom\u016f\u017ee s&nbsp;veden\u00edm da\u0148ov\u00e9 evidence.<\/p>\n\n\n\n<p>Jako firma budete pot\u0159ebovat detailn\u011bj\u0161\u00ed veden\u00ed \u00fa\u010detnictv\u00ed, se kter\u00fdm pom\u016f\u017ee \u00fa\u010detn\u00ed, da\u0148ov\u00fd poradce se pak postar\u00e1 o p\u0159izn\u00e1n\u00ed. Nen\u00ed v\u00fdjimkou, \u017ee jeden specialista m\u00e1 \u017eivnostensk\u00e9 opr\u00e1vn\u011bn\u00ed na ob\u011b profese.<\/p>\n\n\n\n<h2 class=\"wp-block-heading\">Kde a jak vybrat \u00fa\u010detn\u00edho nebo da\u0148ov\u00e9ho poradce?<\/h2>\n\n\n\n<p>V\u00fdb\u011br osoby, kter\u00e9 sv\u011b\u0159\u00edte do rukou sv\u00e9 podnik\u00e1n\u00ed, se vyplat\u00ed nepodcenit. Ur\u010dit\u011b proto v\u011bnujte chvilku <strong>hled\u00e1n\u00edm referenc\u00ed<\/strong>, se kter\u00fdmi pom\u016f\u017ee star\u00fd dobr\u00fd Google. Vyplat\u00ed se tak\u00e9 mrknou do \u017eivnostensk\u00e9ho \u010di obchodn\u00edho rejst\u0159\u00edku, <strong>jestli pro tuto pr\u00e1ci maj\u00ed pot\u0159ebnou kvalifikaci<\/strong>. A v&nbsp;neposledn\u00ed \u0159ad\u011b dejte tak\u00e9 na instinkt, pokud si nesednete lidsky, rad\u011bji hledejte d\u00e1l.<\/p>\n\n\n\n<p>P\u0159i samotn\u00e9m v\u00fdb\u011bru pak m\u016f\u017eete s\u00e1hnout hned do n\u011bkolika zdroj\u016f. Naprosto neoceniteln\u00e9 je <strong>osobn\u00ed doporu\u010den\u00ed od spokojen\u00e9ho klienta<\/strong>, proto rozho\u010fte s\u00edt\u011b po sv\u00fdch zn\u00e1m\u00fdch i profesn\u00ed komunit\u011b. D\u00e1le pak m\u016f\u017eete <strong>vyb\u00edrat z<\/strong>&nbsp;<strong>katalog\u016f specialist\u016f<\/strong>, jako je i <a href=\"https:\/\/www.freelance.cz\/\">freelance.cz<\/a>. Odborn\u00edky najdete tak\u00e9 na LinkedInu nebo profesn\u00edch skupin\u00e1ch na Facebooku. A pak jsou tu samoz\u0159ejm\u011b odborn\u00e1 sdru\u017een\u00ed a komory, kde lze vyu\u017e\u00edt filtrov\u00e1n\u00ed podle lokality i specializace. Da\u0148ov\u00e9ho poradce m\u016f\u017eete vyb\u00edrat i na ji\u017e zmi\u0148ovan\u00e9 <a href=\"https:\/\/www.kdpcr.cz\/\">Komo\u0159e da\u0148ov\u00fdch poradc\u016f \u010cR<\/a>, \u00fa\u010detn\u00ed\/ho pak na str\u00e1nk\u00e1ch <a href=\"https:\/\/www.svaz-ucetnich.cz\/\">Svazu \u00fa\u010detn\u00edch \u010cR<\/a>.<\/p>\n\n\n\n<h2 class=\"wp-block-heading\">A co kdy\u017e se n\u011bco nepovede?<\/h2>\n\n\n\n<p>V&nbsp;p\u0159\u00edpad\u011b, \u017ee ud\u011bl\u00e1 najat\u00fd specialista chybu, <strong>jde odpov\u011bdnost za v\u00e1mi<\/strong>. Pokud by v\u00e1m hrozily sankce, m\u016f\u017eete v\u0161ak <strong>po\u017eadovat n\u00e1hradu \u0161kody<\/strong>. V&nbsp;tomto ohledu je snaz\u0161\u00ed po\u0159\u00edzen\u00ed s&nbsp;da\u0148ov\u00fdmi poradci, kte\u0159\u00ed maj\u00ed povinn\u00e9 poji\u0161t\u011bn\u00ed, \u00fa\u010detn\u00ed si poji\u0161t\u011bn\u00ed z\u0159\u00eddit mohou, ale povinn\u011b dan\u00e9 to nemaj\u00ed. Nejjednodu\u0161\u0161\u00ed pro v\u00e1s bude, kdy\u017e si <strong>odpov\u011bdnost za chyby ujasn\u00edte rovnou ve <a href=\"https:\/\/www.freelance.cz\/blog\/podnikani-na-volne-noze-jake-smlouvy-potrebujete-a-co-musi-obsahovat\/\">smlouv\u011b<\/a><\/strong>. V\u017edy ale budete muset dok\u00e1zat, \u017ee chyba nevznikla va\u0161\u00edm p\u0159i\u010din\u011bn\u00edm.<\/p>\n","protected":false},"excerpt":{"rendered":"<p>Rozjeli jste podnik\u00e1n\u00ed a nejste si \u00fapln\u011b jist\u00ed, co k probl\u00e9mu dan\u011bn\u00ed p\u0159\u00edjm\u016f \u0159\u00edk\u00e1 legislativa? Zjist\u011bte, jestli si vysta\u010d\u00edte sami, nebo bude pot\u0159eba vyu\u017e\u00edt slu\u017eeb specialist\u016f. Kdy mus\u00edte v\u00e9st \u00fa\u010detnictv\u00ed,&#8230;<\/p>\n<div class=\"more-link-wrapper\"><a class=\"more-link\" href=\"https:\/\/www.freelance.cz\/blog\/poradite-si-s-fakturami-sami-zjistete-kdy-se-obratit-na-danoveho-poradce-ci-ucetniho\/\">\u010c\u00edst d\u00e1le<span class=\"screen-reader-text\">Porad\u00edte si s fakturami sami? Zjist\u011bte, kdy se obr\u00e1tit na da\u0148ov\u00e9ho poradce \u010di \u00fa\u010detn\u00edho<\/span><\/a><\/div>\n","protected":false},"author":8,"featured_media":1265,"comment_status":"closed","ping_status":"closed","sticky":false,"template":"","format":"standard","meta":{"footnotes":""},"categories":[4,3],"tags":[],"class_list":["post-1264","post","type-post","status-publish","format-standard","has-post-thumbnail","hentry","category-pro-firmy","category-pro-freelancery","excerpt"],"aioseo_notices":[],"_links":{"self":[{"href":"https:\/\/www.freelance.cz\/blog\/wp-json\/wp\/v2\/posts\/1264","targetHints":{"allow":["GET"]}}],"collection":[{"href":"https:\/\/www.freelance.cz\/blog\/wp-json\/wp\/v2\/posts"}],"about":[{"href":"https:\/\/www.freelance.cz\/blog\/wp-json\/wp\/v2\/types\/post"}],"author":[{"embeddable":true,"href":"https:\/\/www.freelance.cz\/blog\/wp-json\/wp\/v2\/users\/8"}],"replies":[{"embeddable":true,"href":"https:\/\/www.freelance.cz\/blog\/wp-json\/wp\/v2\/comments?post=1264"}],"version-history":[{"count":1,"href":"https:\/\/www.freelance.cz\/blog\/wp-json\/wp\/v2\/posts\/1264\/revisions"}],"predecessor-version":[{"id":1266,"href":"https:\/\/www.freelance.cz\/blog\/wp-json\/wp\/v2\/posts\/1264\/revisions\/1266"}],"wp:featuredmedia":[{"embeddable":true,"href":"https:\/\/www.freelance.cz\/blog\/wp-json\/wp\/v2\/media\/1265"}],"wp:attachment":[{"href":"https:\/\/www.freelance.cz\/blog\/wp-json\/wp\/v2\/media?parent=1264"}],"wp:term":[{"taxonomy":"category","embeddable":true,"href":"https:\/\/www.freelance.cz\/blog\/wp-json\/wp\/v2\/categories?post=1264"},{"taxonomy":"post_tag","embeddable":true,"href":"https:\/\/www.freelance.cz\/blog\/wp-json\/wp\/v2\/tags?post=1264"}],"curies":[{"name":"wp","href":"https:\/\/api.w.org\/{rel}","templated":true}]}}