{"id":1316,"date":"2024-02-06T09:02:00","date_gmt":"2024-02-06T08:02:00","guid":{"rendered":"https:\/\/www.freelance.cz\/blog\/?p=1316"},"modified":"2024-02-06T09:43:18","modified_gmt":"2024-02-06T08:43:18","slug":"freelance-de-otevira-nove-trhy-pro-profesionaly-na-volne-noze","status":"publish","type":"post","link":"https:\/\/www.freelance.cz\/blog\/freelance-de-otevira-nove-trhy-pro-profesionaly-na-volne-noze\/","title":{"rendered":"freelance.de otev\u00edr\u00e1 nov\u00e9 trhy pro profesion\u00e1ly na voln\u00e9 noze:\u00a0"},"content":{"rendered":"\n<h1 class=\"wp-block-heading\">Rozhovor se zakladatelem spole\u010dnosti Simonem Gravelem.&nbsp;<\/h1>\n\n\n\n<p>Freelance.de je s v\u00edce ne\u017e 235 000 freelancery a 41 000 firmami a 600 poskytovateli person\u00e1ln\u00edch slu\u017eeb p\u0159edn\u00ed n\u011bmeckou platformou pro freelancery. V exkluzivn\u00edm rozhovoru zakladatel spole\u010dnosti Simon Gravel vysv\u011btluje, jak bude jeho platforma v budoucnu nab\u00edzet ide\u00e1ln\u00ed podporu pro firmy a profesion\u00e1ly na voln\u00e9 noze &#8211; a pro\u010d je internacionalizace freelance.de oboustrann\u011b v\u00fdhodnou p\u0159\u00edle\u017eitost\u00ed pro dal\u0161\u00ed r\u016fst.<\/p>\n\n\n\n<p><strong>Simone, jak se zm\u011bnil trh freelancer\u016f od zalo\u017een\u00ed freelance.de v roce 2007?<\/strong><\/p>\n\n\n\n<p>Kdy\u017e byl freelance.de v roce 2007 zalo\u017een, nebyl trh s freelancery v N\u011bmecku p\u0159\u00edli\u0161 etablovan\u00fd. Tato forma pr\u00e1ce je\u0161t\u011b nebyla tak obl\u00edben\u00e1 a p\u0159ij\u00edman\u00e1 jako dnes. Na trhu sice existovalo n\u011bkolik pracovn\u00edch port\u00e1l\u016f, ale neexistovaly t\u00e9m\u011b\u0159 \u017e\u00e1dn\u00e9 platformy pro odborn\u00edky, kte\u0159\u00ed by nab\u00edzeli sv\u00e9 odborn\u00e9 znalosti na voln\u00e9 noze. S na\u0161\u00edm inovativn\u00edm modelem \u010dlenstv\u00ed jsme p\u0159edstavili nov\u00fd a efektivn\u00ed obchodn\u00ed model pro freelancery, smluvn\u00ed firmy a agentury. Jako jedna z prvn\u00edch tr\u017ei\u0161\u0165 freelancer\u016f v N\u011bmecku jsme firm\u00e1m umo\u017enili z\u00edsk\u00e1vat odborn\u00edky pro sv\u00e9 projekty nebo pro projekty sv\u00fdch z\u00e1kazn\u00edk\u016f flexibiln\u00edm a organick\u00fdm zp\u016fsobem.<\/p>\n\n\n\n<p><strong>Poda\u0159ilo se v\u00e1m dodr\u017eet slib k 10. v\u00fdro\u010d\u00ed, \u017ee zdvojn\u00e1sob\u00edte po\u010det inzerovan\u00fdch projekt\u016f?<\/strong><\/p>\n\n\n\n<p>Od roku 2007, kdy se zlep\u0161ila p\u0159enosov\u00e1 rychlost internetu a kdy se ve firm\u00e1ch prudce zv\u00fd\u0161ila akceptace vyu\u017e\u00edv\u00e1n\u00ed extern\u00edch pracovn\u00edk\u016f, trh skute\u010dn\u011b explodoval. V\u011bt\u0161ina firem dnes oce\u0148uje v\u00fdhody samostatn\u011b pracuj\u00edc\u00edch odborn\u00edk\u016f ve sv\u00fdch projektech. S v\u00edce ne\u017e milionem \u00fasp\u011b\u0161n\u011b inzerovan\u00fdch projekt\u016f a v\u00edce ne\u017e 235 000 registrovan\u00fdmi freelancery m\u016f\u017ee freelance.de tento vzestupn\u00fd trend potvrdit. Sv\u016fj slib zdvojn\u00e1sobit po\u010det denn\u011b inzerovan\u00fdch projekt\u016f z p\u0159ibli\u017en\u011b 250 na 500 jsme p\u0159ekonali.&nbsp;<\/p>\n\n\n\n<p><strong>Jak\u00fd je v\u00e1\u0161 dal\u0161\u00ed velk\u00fd miln\u00edk?<\/strong><\/p>\n\n\n\n<p>Na\u0161\u00edm c\u00edlem nen\u00ed jen nab\u00edzet na freelance.de &#8222;v\u00edce&#8220; projekt\u016f, ale poskytovat na\u0161im u\u017eivatel\u016fm skute\u010dnou p\u0159idanou hodnotu. Z tohoto d\u016fvodu roz\u0161i\u0159ujeme na\u0161e portfolio ve t\u0159ech sm\u011brech:&nbsp;<\/p>\n\n\n<div class=\"wp-block-image\">\n<figure class=\"aligncenter size-full\"><img loading=\"lazy\" decoding=\"async\" width=\"800\" height=\"400\" src=\"https:\/\/www.freelance.cz\/blog\/wp-content\/uploads\/2024\/02\/Simon-interview_cile.png\" alt=\"\" class=\"wp-image-1317\" srcset=\"https:\/\/www.freelance.cz\/blog\/wp-content\/uploads\/2024\/02\/Simon-interview_cile.png 800w, https:\/\/www.freelance.cz\/blog\/wp-content\/uploads\/2024\/02\/Simon-interview_cile-300x150.png 300w, https:\/\/www.freelance.cz\/blog\/wp-content\/uploads\/2024\/02\/Simon-interview_cile-768x384.png 768w\" sizes=\"auto, (max-width: 800px) 100vw, 800px\" \/><\/figure>\n<\/div>\n\n\n<p>Chceme, aby na\u0161i freelance\u0159i pracovali na zaj\u00edmav\u00fdch projektech. Abychom to zajistili, zintenziv\u0148ujeme na\u0161i strategickou spolupr\u00e1ci s firmami. To umo\u017e\u0148uje z\u00edskat exkluzivn\u00ed p\u0159\u00edstup k projekt\u016fm prost\u0159ednictv\u00edm r\u016fzn\u00fdch iniciativ pro klientsk\u00e9 spole\u010dnosti a n\u00e1bor\u00e1\u0159e. Neust\u00e1le pracujeme na zlep\u0161ov\u00e1n\u00ed integrace do person\u00e1ln\u00edch a \u00fakolov\u00fdch proces\u016f na\u0161ich z\u00e1kazn\u00edk\u016f a partner\u016f. To vede k transparentn\u011bj\u0161\u00edm, rychlej\u0161\u00edm a \u00fasp\u011b\u0161n\u011bj\u0161\u00edm cykl\u016fm p\u0159id\u011blov\u00e1n\u00ed.<\/p>\n\n\n\n<p>Tak\u00e9 vylep\u0161ujeme zp\u016fsob, jak\u00fdm na\u0161i freelance\u0159i prezentuj\u00ed svou pr\u00e1ci. C\u00edlem je pomoci jim l\u00e9pe se propagovat a rychleji navazovat kontakty s klienty. Nedr\u017e\u00edme se obvykl\u00e9ho stylu prezentace; p\u0159id\u00e1v\u00e1me v\u011bci jako hodnocen\u00ed a neust\u00e1l\u00e9 aktualizace dostupnosti a z\u00e1jm\u016f. D\u00edky tomu je snaz\u0161\u00ed rychle naj\u00edt vhodn\u00e9ho partnera. Krom\u011b toho v sou\u010dasn\u00e9 dob\u011b revidujeme prezentaci portfolia na\u0161ich freelancer\u016f, aby se mohli efektivn\u011bji prod\u00e1vat a rychleji budovat \u00fasp\u011b\u0161n\u00e9 vztahy se z\u00e1kazn\u00edky. Tak\u00e9 se vyd\u00e1v\u00e1me na glob\u00e1ln\u00ed cestu &#8211; mezin\u00e1rodn\u00ed expanze je na\u0161\u00edm dal\u0161\u00edm velk\u00fdm krokem.<\/p>\n\n\n\n<p><strong>Jak\u00e1 byla va\u0161e motivace pro expanzi do zahrani\u010d\u00ed?<\/strong><\/p>\n\n\n\n<p>Poch\u00e1z\u00edm z Kanady a ji\u017e mnoho let pracuji v r\u016fzn\u00fdch zem\u00edch. V\u017edy m\u011b fascinovaly r\u016fzn\u00e9 kultury, rozmanit\u00e1 pracovn\u00ed prost\u0159ed\u00ed a jedine\u010dn\u00e9 p\u0159\u00edstupy jednotliv\u00fdch zem\u00ed k pr\u00e1ci na projektech. Vzhledem k tomu, \u017ee spole\u010dnosti jsou st\u00e1le flexibiln\u011bj\u0161\u00ed, pokud jde o pr\u00e1ci na d\u00e1lku, d\u00e1valo smysl uva\u017eovat o expanzi do zahrani\u010d\u00ed. Nyn\u00ed je patrn\u00fd rostouc\u00ed trend, kdy zahrani\u010dn\u00ed spole\u010dnosti hledaj\u00ed flexibiln\u00ed odborn\u00edky z N\u011bmecka a n\u011bme\u010dt\u00ed odborn\u00edci st\u00e1le \u010dast\u011bji vyhled\u00e1vaj\u00ed mezin\u00e1rodn\u00ed v\u00fdzvy. N\u00e1\u0161 mezin\u00e1rodn\u00ed r\u016fst s t\u00edmto vyv\u00edjej\u00edc\u00edm se trendem dokonale koresponduje.<\/p>\n\n\n\n<p><strong>Jak pokra\u010duje internacionalizace?<\/strong><\/p>\n\n\n\n<p>Za posledn\u00ed dva roky jsme u\u0161li dlouhou cestu. Na\u0161i digit\u00e1ln\u00ed platformu pro freelancery jsme odstartovali nejen na freelance.cz a freelance.co.uk, ale tak\u00e9 na freelance.ca a freelance.jobs v USA &#8211; celkem m\u00e1me nyn\u00ed osm zem\u00ed! To znamen\u00e1 v\u00edce zaj\u00edmav\u00fdch p\u0159\u00edle\u017eitost\u00ed pro firmy i freelancery. Lid\u00e9 dnes cht\u011bj\u00ed pracovat za hranicemi a my jsme p\u0159\u00edmo u toho a podporujeme tuto pracovn\u00ed revoluci na\u0161imi platformami. Freelance\u0159i dnes mohou pracovat prakticky odkudkoli a na\u0161\u00edm c\u00edlem je podporovat je na ka\u017ed\u00e9m kroku od z\u00edsk\u00e1n\u00ed projekt\u016f a\u017e po jejich \u00fasp\u011b\u0161n\u00e9 dokon\u010den\u00ed.<\/p>\n\n\n<div class=\"wp-block-image\">\n<figure class=\"aligncenter size-full\"><img loading=\"lazy\" decoding=\"async\" width=\"800\" height=\"400\" src=\"https:\/\/www.freelance.cz\/blog\/wp-content\/uploads\/2024\/02\/mezinarodni-rust-freelance.de_.png\" alt=\"\" class=\"wp-image-1318\" srcset=\"https:\/\/www.freelance.cz\/blog\/wp-content\/uploads\/2024\/02\/mezinarodni-rust-freelance.de_.png 800w, https:\/\/www.freelance.cz\/blog\/wp-content\/uploads\/2024\/02\/mezinarodni-rust-freelance.de_-300x150.png 300w, https:\/\/www.freelance.cz\/blog\/wp-content\/uploads\/2024\/02\/mezinarodni-rust-freelance.de_-768x384.png 768w\" sizes=\"auto, (max-width: 800px) 100vw, 800px\" \/><\/figure>\n<\/div>\n\n\n<p>&#8222;Firmy maj\u00ed z internacionalizace freelance.de prosp\u011bch: mohou inzerovat sv\u00e9 projekty v Evrop\u011b nebo Severn\u00ed Americe a naj\u00edmat odborn\u00edky z obou kontinent\u016f.&#8220; Simon Gravel, zakladatel freelance.de<\/p>\n\n\n\n<p><strong>Jak mezin\u00e1rodn\u00ed je pr\u00e1ce na voln\u00e9 noze?&nbsp;<\/strong><\/p>\n\n\n\n<p>Jsme skute\u010dn\u011b mezin\u00e1rodn\u00ed spole\u010dnost. Na\u0161e kancel\u00e1\u0159e v Mnichov\u011b, Brn\u011b, Montrealu a Naples spolu \u00fazce spolupracuj\u00ed. V t\u00fdmu freelance.de pracuj\u00ed lid\u00e9 z v\u00edce ne\u017e jeden\u00e1cti r\u016fzn\u00fdch zem\u00ed. Jako hlavn\u00ed jazyky pou\u017e\u00edv\u00e1me angli\u010dtinu a n\u011bm\u010dinu. Na\u0161e t\u00fdmy se mohou pochlubit zna\u010dnou m\u00edrou rozmanitosti. Mezin\u00e1rodn\u00ed expanze m\u00e1 v na\u0161ich strategick\u00fdch c\u00edlech prvo\u0159ad\u00fd v\u00fdznam.<\/p>\n\n\n\n<p><strong>Jak se da\u0159\u00ed p\u0159id\u00e1vat nov\u00e9 zem\u011b? Jak se li\u0161\u00ed jednotliv\u00e9 trhy?<\/strong><\/p>\n\n\n\n<p>V nov\u00fdch zem\u00edch jsme zavedli n\u00e1\u0161 obchodn\u00ed model naprosto stejn\u00fdm zp\u016fsobem, s technikou i v\u0161\u00edm ostatn\u00edm. Proto\u017ee se v\u0161ak platformy a trhy li\u0161\u00ed svou vysp\u011blost\u00ed, je st\u00e1le ve hv\u011bzd\u00e1ch, zda budeme muset na n\u011bkter\u00fdch m\u00edstech p\u0159\u00edstup upravit. Ohlasy na n\u00e1\u0161 obchodn\u00ed model jsou celkov\u011b pozitivn\u00ed a v n\u011bkter\u00fdch oblastech rosteme je\u0161t\u011b rychleji. Na\u0161e sou\u010dasn\u00e9 mezin\u00e1rodn\u00ed trhy &#8211; \u010cesk\u00e1 republika, Ukrajina, Polsko, Rumunsko, Velk\u00e1 Brit\u00e1nie, Kanada a USA &#8211; vykazuj\u00ed podle toho, co jsme zjistili, podobn\u00e9 trendy. Nejsme v\u0161ak univerz\u00e1ln\u00ed; v na\u0161em p\u0159\u00edstupu zohled\u0148ujeme anal\u00fdzy specifick\u00e9 pro dan\u00fd trh, jako je p\u0159edb\u011b\u017en\u00e1 kvalifikace kontakt\u016f, \u00fadaje o lokalit\u011b a ov\u011b\u0159ov\u00e1n\u00ed mobiln\u00edch za\u0159\u00edzen\u00ed. V\u0161imli jsme si nap\u0159\u00edklad, \u017ee freelance\u0159i na v\u00fdchod od N\u011bmecka jsou sp\u00ed\u0161e mlad\u0161\u00ed. A v Severn\u00ed Americe se lid\u00e9 ve srovn\u00e1n\u00ed s N\u011bmeckem mnohem v\u00edce zaj\u00edmaj\u00ed o profesion\u00e1ly na voln\u00e9 noze, a to d\u00edky specifick\u00fdm v\u00fdhod\u00e1m trhu, jako jsou z\u00e1kony a p\u0159\u00edstup zam\u011bstnavatel\u016f.<\/p>\n\n\n\n<p>V\u00fdzvy pro freelance.de jsou z\u0159ejm\u00e9: v\u00edce projekt\u016f pro na\u0161i komunitu na voln\u00e9 noze, v\u00edce kvalifikovan\u00fdch pracovn\u00edk\u016f pro na\u0161e poskytovatele projekt\u016f. V\u011bt\u0161\u00ed vyu\u017e\u00edv\u00e1n\u00ed nov\u00fdch technologi\u00ed a z toho plynouc\u00ed mo\u017enosti pracovat na d\u00e1lku jako freelancer z nejr\u016fzn\u011bj\u0161\u00edch zem\u00ed d\u00e1le roz\u0161\u00ed\u0159\u00ed sv\u011bt freelance.de, co\u017e je situace v\u00fdhodn\u00e1 pro v\u0161echny z\u00fa\u010dastn\u011bn\u00e9.<\/p>\n\n\n\n<p><strong>Jak\u00e9 jsou va\u0161e dal\u0161\u00ed c\u00edle?<\/strong><\/p>\n\n\n\n<p>Chceme bedliv\u011bji sledovat projekty, abychom mohli l\u00e9pe posoudit jejich kvalitu a atraktivitu. Jde n\u00e1m o to, abychom je\u0161t\u011b efektivn\u011bji propojovali specialisty s klienty a projekty. Na\u0161e strategie zahrnuje zapojen\u00ed se do cel\u00e9ho procesu &#8211; od vyhled\u00e1v\u00e1n\u00ed a prodeje a\u017e po poprodejn\u00ed podporu. Ob\u011b strany tak mohou t\u011b\u017eit z v\u011bc\u00ed, jako je bezplatn\u00e9 poji\u0161t\u011bn\u00ed odpov\u011bdnosti, pr\u00e1vn\u00ed smlouvy, kontrola dodr\u017eov\u00e1n\u00ed p\u0159edpis\u016f a spr\u00e1va \u00fa\u010dt\u016f. Je to v\u00fdhra pro v\u0161echny!<\/p>\n\n\n\n<p><strong>Chcete proniknout na dal\u0161\u00ed trhy?<\/strong><\/p>\n\n\n\n<p>V p\u0159\u00ed\u0161t\u00edch n\u011bkolika letech pl\u00e1nujeme r\u016fst po cel\u00e9m sv\u011bt\u011b. Britsk\u00fd a americk\u00fd trh jsou kl\u00ed\u010dov\u00e9 pro z\u00edsk\u00e1v\u00e1n\u00ed nov\u00fdch firem a profesion\u00e1l\u016f na voln\u00e9 noze. Na\u0161\u00edm c\u00edlem je m\u00edt brzy na na\u0161ich platform\u00e1ch v\u00edce ne\u017e 1 000 vysoce hodnotn\u00fdch projekt\u016f denn\u011b a na\u0161i n\u011bme\u010dt\u00ed freelance\u0159i se na tom mohou pod\u00edlet tak\u00e9. St\u00e1le zkoum\u00e1me mo\u017enosti, jak na\u0161i platformu roz\u0161i\u0159ovat a vylep\u0161ovat. Je to tu st\u00e1le dost vzru\u0161uj\u00edc\u00ed!<\/p>\n","protected":false},"excerpt":{"rendered":"<p>Rozhovor se zakladatelem spole\u010dnosti Simonem Gravelem.&nbsp; Freelance.de je s v\u00edce ne\u017e 235 000 freelancery a 41 000 firmami a 600 poskytovateli person\u00e1ln\u00edch slu\u017eeb p\u0159edn\u00ed n\u011bmeckou platformou pro freelancery. V exkluzivn\u00edm&#8230;<\/p>\n<div class=\"more-link-wrapper\"><a class=\"more-link\" href=\"https:\/\/www.freelance.cz\/blog\/freelance-de-otevira-nove-trhy-pro-profesionaly-na-volne-noze\/\">\u010c\u00edst d\u00e1le<span class=\"screen-reader-text\">freelance.de otev\u00edr\u00e1 nov\u00e9 trhy pro profesion\u00e1ly na voln\u00e9 noze:\u00a0<\/span><\/a><\/div>\n","protected":false},"author":4,"featured_media":1321,"comment_status":"closed","ping_status":"closed","sticky":false,"template":"","format":"standard","meta":{"footnotes":""},"categories":[8],"tags":[],"class_list":["post-1316","post","type-post","status-publish","format-standard","has-post-thumbnail","hentry","category-o-freelance-cz","excerpt"],"aioseo_notices":[],"_links":{"self":[{"href":"https:\/\/www.freelance.cz\/blog\/wp-json\/wp\/v2\/posts\/1316","targetHints":{"allow":["GET"]}}],"collection":[{"href":"https:\/\/www.freelance.cz\/blog\/wp-json\/wp\/v2\/posts"}],"about":[{"href":"https:\/\/www.freelance.cz\/blog\/wp-json\/wp\/v2\/types\/post"}],"author":[{"embeddable":true,"href":"https:\/\/www.freelance.cz\/blog\/wp-json\/wp\/v2\/users\/4"}],"replies":[{"embeddable":true,"href":"https:\/\/www.freelance.cz\/blog\/wp-json\/wp\/v2\/comments?post=1316"}],"version-history":[{"count":3,"href":"https:\/\/www.freelance.cz\/blog\/wp-json\/wp\/v2\/posts\/1316\/revisions"}],"predecessor-version":[{"id":1323,"href":"https:\/\/www.freelance.cz\/blog\/wp-json\/wp\/v2\/posts\/1316\/revisions\/1323"}],"wp:featuredmedia":[{"embeddable":true,"href":"https:\/\/www.freelance.cz\/blog\/wp-json\/wp\/v2\/media\/1321"}],"wp:attachment":[{"href":"https:\/\/www.freelance.cz\/blog\/wp-json\/wp\/v2\/media?parent=1316"}],"wp:term":[{"taxonomy":"category","embeddable":true,"href":"https:\/\/www.freelance.cz\/blog\/wp-json\/wp\/v2\/categories?post=1316"},{"taxonomy":"post_tag","embeddable":true,"href":"https:\/\/www.freelance.cz\/blog\/wp-json\/wp\/v2\/tags?post=1316"}],"curies":[{"name":"wp","href":"https:\/\/api.w.org\/{rel}","templated":true}]}}