{"id":1348,"date":"2025-03-05T10:38:00","date_gmt":"2025-03-05T09:38:00","guid":{"rendered":"https:\/\/www.freelance.cz\/blog\/?p=1348"},"modified":"2025-03-26T10:44:45","modified_gmt":"2025-03-26T09:44:45","slug":"kdy-neni-potreba-platit-duchodove-pojisteni","status":"publish","type":"post","link":"https:\/\/www.freelance.cz\/blog\/kdy-neni-potreba-platit-duchodove-pojisteni\/","title":{"rendered":"Kdy nen\u00ed pot\u0159eba platit d\u016fchodov\u00e9 poji\u0161t\u011bn\u00ed?"},"content":{"rendered":"\n<p>Setkali jste se s n\u00e1zorem, \u017ee d\u016fchodov\u00e9, respektive soci\u00e1ln\u00ed poji\u0161t\u011bn\u00ed je dobrovoln\u00e9 a nemus\u00edte ho platit? Nenechte se nachytat, pro freelancery toto neplat\u00ed. Poj\u010fme si proj\u00edt, kdo d\u016fchodov\u00e9 poji\u0161t\u011bn\u00ed nemus\u00ed platit a kdy jen nemus\u00edte platit z\u00e1lohy.<\/p>\n\n\n\n<h2 class=\"wp-block-heading\">D\u016fchodov\u00e9 poji\u0161t\u011bn\u00ed: Co to je a koho se t\u00fdk\u00e1?<\/h2>\n\n\n\n<p>Co je vlastn\u011b d\u016fchodov\u00e9 poji\u0161t\u011bn\u00ed? <strong>Jedn\u00e1 se o jednu ze t\u0159\u00ed slo\u017eek soci\u00e1ln\u00edho poji\u0161t\u011bn\u00ed<\/strong>, kter\u00e9 dob\u0159e znaj\u00ed v\u0161ichni <a href=\"https:\/\/www.freelance.cz\/freelanceri\" target=\"_blank\" rel=\"noopener\" title=\"\">freelance\u0159i<\/a> a OSV\u010c. Soci\u00e1ln\u00ed poji\u0161t\u011bn\u00ed obsahuje pr\u00e1v\u011b <strong>d\u016fchodov\u00e9 poji\u0161t\u011bn\u00ed<\/strong>, <strong>p\u0159\u00edsp\u011bvek na st\u00e1tn\u00ed politiku zam\u011bstnanosti<\/strong>, ze kter\u00e9 se plat\u00ed d\u00e1vky st\u00e1tn\u00ed soci\u00e1ln\u00ed podpory, a <strong>nemocensk\u00e9 poji\u0161t\u011bn\u00ed<\/strong>. Kdy\u017e se tedy u OSV\u010c \u0159e\u0161\u00ed z\u00e1lohy na d\u016fchodov\u00e9 poji\u0161t\u011bn\u00ed, je \u010dasto my\u0161leno soci\u00e1ln\u00ed poji\u0161t\u011bn\u00ed jako celek.<\/p>\n\n\n\n<p>V\u00fd\u0161e soci\u00e1ln\u00edho poji\u0161t\u011bn\u00ed je jin\u00e1 pro zam\u011bstnance i pro OSV\u010c, zam\u011bstnanci toti\u017e v&nbsp;poji\u0161t\u011bn\u00ed odv\u00e1d\u00ed v\u0161echny v\u00fd\u0161e zm\u00edn\u011bn\u00e9 slo\u017eky, pro osoby samostatn\u011b v\u00fdd\u011ble\u010dn\u011b \u010dinn\u00e9 je povinn\u00e9 odv\u00e1d\u011bn\u00ed pouze d\u016fchodov\u00e9ho poji\u0161t\u011bn\u00ed a p\u0159\u00edsp\u011bvek na st\u00e1tn\u00ed politiku zam\u011bstnanosti, nemocensk\u00e9 poji\u0161t\u011bn\u00ed je dobrovoln\u00e9.<\/p>\n\n\n\n<h2 class=\"wp-block-heading\">Kdo neplat\u00ed d\u016fchodov\u00e9 poji\u0161t\u011bn\u00ed v\u016fbec?<\/h2>\n\n\n\n<p>Jedin\u00e1 \u0161ance, jak soci\u00e1ln\u00ed poji\u0161t\u011bn\u00ed neplatit, je nepracovat. <strong>Toto poji\u0161t\u011bn\u00ed se toti\u017e v\u00e1\u017ee na p\u0159\u00edjem z&nbsp;v\u00fdd\u011ble\u010dn\u00e9 \u010dinnosti<\/strong>. Jen\u017ee kdy\u017e ho nebudete platit, nem\u016f\u017ee se v\u00e1m ani zapo\u010d\u00edtat do vym\u011b\u0159ovac\u00edho z\u00e1kladu d\u016fchodu, \u010d\u00edm\u017e se p\u0159ipravujete o starobn\u00ed d\u016fchod.<\/p>\n\n\n\n<p>Dal\u0161\u00ed mo\u017enost\u00ed, kdy se v\u00e1s d\u016fchodov\u00e9 poji\u0161t\u011bn\u00ed net\u00fdk\u00e1, je v\u00a0p\u0159\u00edpad\u011b, \u017ee <strong>pracujete na dohodu o proveden\u00ed pr\u00e1ce<\/strong> (DPP). Pro jednoho zam\u011bstnavatele m\u016f\u017eete pracovat pouze 300 hodin ro\u010dn\u011b a p\u0159\u00edjem u n\u011bho nesm\u00ed p\u0159ekro\u010dit hranici 25 % pr\u016fm\u011brn\u00e9 mzdy. Pro rok 2025 je tak m\u011bs\u00ed\u010dn\u00ed limit, do kter\u00e9ho nemus\u00edte povinn\u00e9 odvody platit, 11\u00a0500 K\u010d. To se t\u00fdk\u00e1 ale jen dohod u jednoho zam\u011bstnavatele, v\u00a0p\u0159\u00edpad\u011b, \u017ee m\u00e1te DPP u v\u00edce zam\u011bstnavatel\u016f a u ka\u017ed\u00e9ho z nich v\u00e1\u0161 m\u011bs\u00ed\u010dn\u00ed p\u0159\u00edjem nep\u0159es\u00e1hne 11\u202f500 K\u010d, neodv\u00e1d\u00edte z t\u011bchto p\u0159\u00edjm\u016f odvody.<\/p>\n\n\n\n<p>Kdy\u017e u\u017e jsme nakousli <strong>dobrovolnou \u00fa\u010dast na d\u016fchodov\u00e9m poji\u0161t\u011bn\u00ed<\/strong>, tak ta se t\u00fdk\u00e1 osob, kter\u00e9 dovr\u0161ily 18 let, podaly si p\u0159ihl\u00e1\u0161ku k&nbsp;dobrovoln\u00e9 \u00fa\u010dasti na poji\u0161t\u011bn\u00ed a z\u00e1rove\u0148 jsou veden\u00e9 na \u00da\u0159adu pr\u00e1ce jako uchaze\u010di o zam\u011bstn\u00e1n\u00ed a nepob\u00edraj\u00ed podporu v&nbsp;nezam\u011bstnanosti ani podporu p\u0159i rekvalifikaci, p\u0159\u00edpadn\u011b studuj\u00ed. Podrobn\u011bj\u0161\u00ed informace najdete p\u0159\u00edmo na <a href=\"https:\/\/portal.gov.cz\/sluzby-vs\/prihlaseni-k-dobrovolne-ucasti-na-duchodovem-pojisteni-S382\" target=\"_blank\" rel=\"noopener\" title=\"\">str\u00e1nk\u00e1ch ve\u0159ejn\u00e9 spr\u00e1vy<\/a>.<\/p>\n\n\n\n<h2 class=\"wp-block-heading\">Kdy nemus\u00edte platit z\u00e1lohy na soci\u00e1ln\u00ed poji\u0161t\u011bn\u00ed?<\/h2>\n\n\n\n<p>Neplacen\u00ed cel\u00e9ho poji\u0161t\u011bn\u00ed, nebo jen z\u00e1loh, je dost z\u00e1sadn\u00ed rozd\u00edl. <strong>Neplacen\u00ed z\u00e1loh nab\u00edz\u00ed jen jistou v\u00fdhodu v\u00a0prvn\u00edm roce podnik\u00e1n\u00ed na vedlej\u0161\u00ed \u010dinnost<\/strong>. Nezapome\u0148te si tak ohl\u00eddat <a href=\"https:\/\/www.cssz.cz\/duchodove-pojisteni-osvc-povinna-ucast\" target=\"_blank\" rel=\"noopener\" title=\"\">rozhodnou \u010d\u00e1stku<\/a> (pro rok 2025 je u vedlej\u0161\u00ed \u010dinnosti 111\u00a0736 K\u010d v\u00a0p\u0159\u00edpad\u011b, \u017ee podnik\u00e1te cel\u00fdch 12 m\u011bs\u00edc\u016f, jinak se limit pom\u011brn\u011b sni\u017euje). Jestli\u017ee rozhodnou \u010d\u00e1stku p\u0159ekro\u010d\u00edte, dopo\u010d\u00edt\u00e1 se v\u00fd\u0161e poji\u0161t\u011bn\u00ed po pod\u00e1n\u00ed da\u0148ov\u00e9ho p\u0159izn\u00e1n\u00ed a p\u0159ehledu na OSSZ a n\u00e1sleduj\u00edc\u00ed rok budete platit z\u00e1lohu stanovenou na z\u00e1klad\u011b va\u0161ich skute\u010dn\u00fdch p\u0159\u00edjm\u016f.<\/p>\n\n\n\n<h3 class=\"wp-block-heading\">M\u011bs\u00ed\u010dn\u00ed z\u00e1lohy na soci\u00e1ln\u00ed poji\u0161t\u011bn\u00ed tedy neplat\u00edte v&nbsp;n\u00e1sleduj\u00edc\u00edch p\u0159\u00edpadech:<\/h3>\n\n\n\n<ul class=\"wp-block-list\">\n<li><a href=\"https:\/\/www.freelance.cz\/blog\/podnikani-pri-zamestnani-vse-co-potrebujete-vedet-do-zacatku\/\" target=\"_blank\" rel=\"noopener\" title=\"\">Podnik\u00e1te p\u0159i zam\u011bstn\u00e1n\u00ed<\/a> na vedlej\u0161\u00ed \u010dinnost.<\/li>\n\n\n\n<li>Podnik\u00e1te na mate\u0159sk\u00e9 nebo rodi\u010dovsk\u00e9 dovolen\u00e9. Pozor u podnik\u00e1n\u00ed na mate\u0159sk\u00e9 \u2013 pokud na mate\u0159skou vstupujete jako OSV\u010c na hlavn\u00ed pom\u011br, nelze po tuto dobu klasicky podnikat, t\u00e9ma bl\u00ed\u017ee rozeb\u00edr\u00e1me v&nbsp;<a href=\"https:\/\/www.freelance.cz\/blog\/co-obnasi-podnikani-na-materske-a-rodicovske-dovolene\/\" target=\"_blank\" rel=\"noopener\" title=\"\">samostatn\u00e9m \u010dl\u00e1nku<\/a>.<\/li>\n\n\n\n<li><a href=\"https:\/\/www.freelance.cz\/blog\/proc-zacit-podnikat-uz-pri-studiu\/\" target=\"_blank\" rel=\"noopener\" title=\"\">Podnik\u00e1te b\u011bhem studia<\/a> \u2013 plat\u00ed pro studenty do 26 let, u doktorsk\u00e9ho studia pak do 28 let.<\/li>\n\n\n\n<li><a href=\"https:\/\/www.freelance.cz\/blog\/podnikani-v-duchodu-jaka-specifika-a-povinnosti-se-vas-tykaji\/\" target=\"_blank\" rel=\"noopener\" title=\"\">Podnik\u00e1te v&nbsp;d\u016fchodu<\/a>.<\/li>\n<\/ul>\n\n\n\n<p>U v\u00fd\u0161e zm\u00edn\u011bn\u00fdch p\u0159\u00edpad\u016f plat\u00ed, \u017ee z\u00e1lohy neplat\u00edte prvn\u00ed rok podnik\u00e1n\u00ed. I tak se ale k&nbsp;platb\u011b soci\u00e1ln\u00edho poji\u0161t\u011bn\u00ed mus\u00edte p\u0159ihl\u00e1sit, jen zat\u00edm nebudete je\u0161t\u011b \u017e\u00e1dn\u00e9 platby pos\u00edlat.<\/p>\n\n\n\n<p>Jako OSV\u010c jste od placen\u00ed z\u00e1loh osvobozen\u00ed ale je\u0161t\u011b v\u00a0jednom p\u0159\u00edpad\u011b, a to <strong>po dobu nemoci<\/strong>. Respektive <strong>za kalend\u00e1\u0159n\u00ed m\u011bs\u00edce, v\u00a0nich\u017e jste po celou dobu m\u011bli n\u00e1rok na v\u00fdplatu nemocensk\u00e9ho poji\u0161t\u011bn\u00ed <\/strong>(to je u OSV\u010c dobrovoln\u00e9, je na v\u00e1s zv\u00e1\u017eit, jestli se v\u00e1m vyplat\u00ed).<\/p>\n","protected":false},"excerpt":{"rendered":"<p>Setkali jste se s n\u00e1zorem, \u017ee d\u016fchodov\u00e9, respektive soci\u00e1ln\u00ed poji\u0161t\u011bn\u00ed je dobrovoln\u00e9 a nemus\u00edte ho platit? Nenechte se nachytat, pro freelancery toto neplat\u00ed. Poj\u010fme si proj\u00edt, kdo d\u016fchodov\u00e9 poji\u0161t\u011bn\u00ed nemus\u00ed&#8230;<\/p>\n<div class=\"more-link-wrapper\"><a class=\"more-link\" href=\"https:\/\/www.freelance.cz\/blog\/kdy-neni-potreba-platit-duchodove-pojisteni\/\">\u010c\u00edst d\u00e1le<span class=\"screen-reader-text\">Kdy nen\u00ed pot\u0159eba platit d\u016fchodov\u00e9 poji\u0161t\u011bn\u00ed?<\/span><\/a><\/div>\n","protected":false},"author":8,"featured_media":1349,"comment_status":"closed","ping_status":"closed","sticky":false,"template":"","format":"standard","meta":{"footnotes":""},"categories":[3],"tags":[],"class_list":["post-1348","post","type-post","status-publish","format-standard","has-post-thumbnail","hentry","category-pro-freelancery","excerpt"],"aioseo_notices":[],"_links":{"self":[{"href":"https:\/\/www.freelance.cz\/blog\/wp-json\/wp\/v2\/posts\/1348","targetHints":{"allow":["GET"]}}],"collection":[{"href":"https:\/\/www.freelance.cz\/blog\/wp-json\/wp\/v2\/posts"}],"about":[{"href":"https:\/\/www.freelance.cz\/blog\/wp-json\/wp\/v2\/types\/post"}],"author":[{"embeddable":true,"href":"https:\/\/www.freelance.cz\/blog\/wp-json\/wp\/v2\/users\/8"}],"replies":[{"embeddable":true,"href":"https:\/\/www.freelance.cz\/blog\/wp-json\/wp\/v2\/comments?post=1348"}],"version-history":[{"count":3,"href":"https:\/\/www.freelance.cz\/blog\/wp-json\/wp\/v2\/posts\/1348\/revisions"}],"predecessor-version":[{"id":1518,"href":"https:\/\/www.freelance.cz\/blog\/wp-json\/wp\/v2\/posts\/1348\/revisions\/1518"}],"wp:featuredmedia":[{"embeddable":true,"href":"https:\/\/www.freelance.cz\/blog\/wp-json\/wp\/v2\/media\/1349"}],"wp:attachment":[{"href":"https:\/\/www.freelance.cz\/blog\/wp-json\/wp\/v2\/media?parent=1348"}],"wp:term":[{"taxonomy":"category","embeddable":true,"href":"https:\/\/www.freelance.cz\/blog\/wp-json\/wp\/v2\/categories?post=1348"},{"taxonomy":"post_tag","embeddable":true,"href":"https:\/\/www.freelance.cz\/blog\/wp-json\/wp\/v2\/tags?post=1348"}],"curies":[{"name":"wp","href":"https:\/\/api.w.org\/{rel}","templated":true}]}}