{"id":1385,"date":"2025-02-05T08:50:51","date_gmt":"2025-02-05T07:50:51","guid":{"rendered":"https:\/\/www.freelance.cz\/blog\/?p=1385"},"modified":"2025-03-26T10:28:51","modified_gmt":"2025-03-26T09:28:51","slug":"osvc-a-dobrovolne-nemocenske-pojisteni-kdy-dava-smysl-a-kdy-se-vyplati-komercni-pojistka","status":"publish","type":"post","link":"https:\/\/www.freelance.cz\/blog\/osvc-a-dobrovolne-nemocenske-pojisteni-kdy-dava-smysl-a-kdy-se-vyplati-komercni-pojistka\/","title":{"rendered":"OSV\u010c a dobrovoln\u00e9 nemocensk\u00e9 poji\u0161t\u011bn\u00ed: Kdy d\u00e1v\u00e1 smysl a kdy se vyplat\u00ed komer\u010dn\u00ed pojistka?"},"content":{"rendered":"\n<p>Jedna z&nbsp;nejv\u011bt\u0161\u00edch v\u00fdhod zam\u011bstn\u00e1n\u00ed je jistota, \u017ee v&nbsp;dob\u011b nemoci nebudete bez prost\u0159edk\u016f. Od prvn\u00edho dne zam\u011bstnavatel za\u010dne vypl\u00e1cet n\u00e1hradu mzdy a od 15. dne se pak tato povinnost p\u0159esune na st\u00e1t. Jako freelancer ale ze z\u00e1kona nedostanete nic. Tedy pokud si dobrovoln\u011b neplat\u00edte nemocensk\u00e9 poji\u0161t\u011bn\u00ed, p\u0159\u00edpadn\u011b nem\u00e1te komer\u010dn\u00ed pojistku. Kdy se v\u00e1m co vyplat\u00ed?<\/p>\n\n\n\n<h2 class=\"wp-block-heading\">Co je nemocensk\u00e9 poji\u0161t\u011bn\u00ed pro OSV\u010c?<\/h2>\n\n\n\n<p>Nemocensk\u00e9 poji\u0161t\u011bn\u00ed je sou\u010d\u00e1st\u00ed soci\u00e1ln\u00edho poji\u0161t\u011bn\u00ed, kam d\u00e1le spad\u00e1 je\u0161t\u011b <a href=\"https:\/\/www.freelance.cz\/blog\/kdy-neni-potreba-platit-duchodove-pojisteni\/\" target=\"_blank\" rel=\"noopener\" title=\"\">d\u016fchodov\u00e9 poji\u0161t\u011bn\u00ed<\/a> a p\u0159\u00edsp\u011bvek na st\u00e1tn\u00ed politiku zam\u011bstnanosti. Zat\u00edmco pro zam\u011bstnance je nemocensk\u00e1 slo\u017eka povinn\u00e1, OSV\u010c se k&nbsp;jej\u00ed platb\u011b m\u016f\u017ee p\u0159ihl\u00e1sit dobrovoln\u011b. V&nbsp;dob\u011b pracovn\u00ed neschopnosti, a\u0165 u\u017e zp\u016fsoben\u00e9 nemoc\u00ed, \u00farazem nebo b\u011bhem mate\u0159stv\u00ed, nep\u0159ijdete d\u00edky nemocensk\u00e9mu poji\u0161t\u011bn\u00ed o p\u0159\u00edjmy, ale st\u00e1t v\u00e1m bude vypl\u00e1cet d\u00e1vky.<\/p>\n\n\n\n<h3 class=\"wp-block-heading\">Jak\u00e1 je minim\u00e1ln\u00ed\/maxim\u00e1ln\u00ed z\u00e1loha na nemocensk\u00e9 poji\u0161t\u011bn\u00ed 2025?<\/h3>\n\n\n\n<p>Minim\u00e1ln\u00ed m\u011bs\u00ed\u010dn\u00ed z\u00e1klad pojistn\u00e9ho je 9 000 K\u010d, sazba pojistn\u00e9ho pro nemocensk\u00e9 poji\u0161t\u011bn\u00ed pak od 1. ledna 2024 \u010din\u00ed 2,7 %.<strong> Minim\u00e1ln\u00ed platba pojistn\u00e9ho je tedy 243 K\u010d m\u011bs\u00ed\u010dn\u011b<\/strong>. <strong>Maxim\u00e1ln\u00ed v\u00fd\u0161e pak \u010din\u00ed 5\u00a0029 K\u010d m\u011bs\u00ed\u010dn\u011b<\/strong>. Samoz\u0159ejm\u011b, \u017ee \u010d\u00edm v\u00edc plat\u00edte, t\u00edm v\u00edc pak dostanete v\u00a0p\u0159\u00edpad\u011b nemoci vyplaceno.<\/p>\n\n\n\n<h3 class=\"wp-block-heading\">Jak vypo\u010d\u00edtat z\u00e1lohy na nemocensk\u00e9 poji\u0161t\u011bn\u00ed?<\/h3>\n\n\n\n<p>OSV\u010c si m\u016f\u017ee sama ur\u010dit, kolik bude m\u011bs\u00ed\u010dn\u011b platit na nemocensk\u00e9 poji\u0161t\u011bn\u00ed, ale tato \u010d\u00e1stka m\u00e1 sv\u016fj <strong>strop, kter\u00fd z\u00e1vis\u00ed na denn\u00edm vym\u011b\u0159ovac\u00edm z\u00e1kladu<\/strong> (ro\u010dn\u00ed vym\u011b\u0159ovac\u00ed z\u00e1klad d\u011bleno 365). Ten se d\u00e1le upravuje pomoc\u00ed t\u0159\u00ed z\u00e1konem stanoven\u00fdch reduk\u010dn\u00edch hranic. Vym\u011b\u0159ovac\u00ed z\u00e1klad se po\u010d\u00edt\u00e1 na z\u00e1klad\u011b ro\u010dn\u00edho p\u0159\u00edjmu, ze kter\u00e9ho se odv\u00e1d\u00ed pojistn\u00e9 na d\u016fchodov\u00e9 poji\u0161t\u011bn\u00ed a p\u0159\u00edsp\u011bvek na st\u00e1tn\u00ed politiku zam\u011bstnanosti, p\u0159i\u010dem\u017e se nebere v \u00favahu p\u0159ehled star\u0161\u00ed ne\u017e t\u0159i roky.<\/p>\n\n\n\n<p><strong>Pokud nen\u00ed mo\u017en\u00e9 ur\u010dit maxim\u00e1ln\u00ed m\u011bs\u00ed\u010dn\u00ed z\u00e1klad<\/strong> z posledn\u00edho p\u0159ehledu o p\u0159\u00edjmech a v\u00fddaj\u00edch \u2013 nap\u0159\u00edklad kdy\u017e jste pr\u00e1v\u011b za\u010dali podnikat a v posledn\u00edch t\u0159ech letech jste nem\u011bli \u017e\u00e1dnou samostatnou v\u00fdd\u011ble\u010dnou \u010dinnost \u2013 <strong>pou\u017eije se jako z\u00e1klad polovina pr\u016fm\u011brn\u00e9 mzdy pro dan\u00fd rok<\/strong>. V roce 2025 to je 23 279 K\u010d, co\u017e znamen\u00e1 m\u011bs\u00ed\u010dn\u00ed pojistn\u00e9 ve v\u00fd\u0161i 629 K\u010d (tedy 2,7 % z t\u00e9to \u010d\u00e1stky).<\/p>\n\n\n\n<p>Je\u0161t\u011b jin\u00e9 je to v&nbsp;p\u0159\u00edpad\u011b, \u017ee vyu\u017e\u00edv\u00e1te pau\u0161\u00e1ln\u00edho re\u017eimu. V&nbsp;takov\u00e9m p\u0159\u00edpad\u011b najdete informace na str\u00e1nk\u00e1ch <a href=\"https:\/\/www.cssz.cz\/web\/cz\/osvc-v-pausalnim-rezimu\" target=\"_blank\" rel=\"noopener\" title=\"\">\u010cSSZ<\/a>.<\/p>\n\n\n\n<h3 class=\"wp-block-heading\">Jak se k&nbsp;nemocensk\u00e9mu poji\u0161t\u011bn\u00ed p\u0159ihl\u00e1sit?<\/h3>\n\n\n\n<p>K&nbsp;platb\u011b nemocensk\u00e9ho poji\u0161t\u011bn\u00ed se <strong>m\u016f\u017eete p\u0159ihl\u00e1sit kdykoli b\u011bhem zda\u0148ovac\u00edho obdob\u00ed<\/strong>. \u00da\u010dast na poji\u0161t\u011bn\u00ed vznik\u00e1 ke dni uveden\u00e9m na p\u0159ihl\u00e1\u0161ce. Tu lze vyplnit <a href=\"https:\/\/eportal.cssz.cz\/web\/portal\/-\/tiskopisy\/dnposvc\" target=\"_blank\" rel=\"noopener\" title=\"\">na webu \u010cesk\u00e9 spr\u00e1vy soci\u00e1ln\u00edho zabezpe\u010den\u00ed<\/a>, kde m\u00e1te na v\u00fdb\u011br z&nbsp;online formul\u00e1\u0159e, p\u0159\u00edpadn\u011b z&nbsp;tiskopisu. M\u011bjte na pam\u011bti, \u017ee se nem\u016f\u017eete p\u0159ihl\u00e1sit zp\u011btn\u011b. Poji\u0161t\u011bn\u00ed funguje pouze jako prevence.<\/p>\n\n\n\n<h2 class=\"wp-block-heading\">Na co m\u00e1te jako OSV\u010c p\u0159i platb\u011b nemocensk\u00e9ho poji\u0161t\u011bn\u00ed n\u00e1rok?<\/h2>\n\n\n\n<p>I kdy\u017e by se podle n\u00e1zvu poji\u0161t\u011bn\u00ed mohlo zd\u00e1t, \u017ee se jedn\u00e1 pouze o finan\u010dn\u00ed injekci v&nbsp;dob\u011b nemoci, nen\u00ed to pravda. Pokud si plat\u00edte nemocensk\u00e9, m\u00e1te tak\u00e9 n\u00e1rok na <strong>pen\u011b\u017eitou pomoc v mate\u0159stv\u00ed <\/strong>(mate\u0159skou), <strong>otcovskou poporodn\u00ed p\u00e9\u010di<\/strong> (otcovsk\u00e1) a <strong>dlouhodob\u00e9 o\u0161et\u0159ovn\u00e9<\/strong>.<\/p>\n\n\n\n<h3 class=\"wp-block-heading\">Podm\u00ednky vypl\u00e1cen\u00ed d\u00e1vek z&nbsp;nemocensk\u00e9ho poji\u0161t\u011bn\u00ed<\/h3>\n\n\n\n<p>Abyste m\u011bli n\u00e1rok na vyplacen\u00ed nemocensk\u00e9, mus\u00edte si poji\u0161t\u011bn\u00ed <strong>hradit<\/strong> <strong>minim\u00e1ln\u011b 3 m\u011bs\u00edce<\/strong>. A\u017e pot\u00e9 m\u016f\u017eete v&nbsp;p\u0159\u00edpad\u011b pracovn\u00ed neschopnosti za\u017e\u00e1dat o vyplacen\u00ed d\u00e1vek. Ty st\u00e1t vypl\u00e1c\u00ed a\u017e od 15. dne pracovn\u00ed neschopnosti. \u010c\u00e1stka se po\u010d\u00edt\u00e1 za ka\u017ed\u00fd den pracovn\u00ed neschopnosti a vypl\u00e1c\u00ed se m\u011bs\u00ed\u010dn\u011b.<\/p>\n\n\n\n<p>Pro z\u00edsk\u00e1n\u00ed n\u00e1roku na mate\u0159skou se mus\u00edte \u00fa\u010dastnit na dobrovoln\u00e9m nemocensk\u00e9m poji\u0161t\u011bn\u00ed <strong>270 dn\u00ed b\u011bhem dvou let a alespo\u0148 180 dn\u00ed v posledn\u00edm roce p\u0159ed datem n\u00e1stupu na mate\u0159skou<\/strong>.<\/p>\n\n\n\n<p><strong>TIP<\/strong>: P\u0159e\u010dt\u011bte si, <a href=\"https:\/\/www.freelance.cz\/blog\/freelancing-a-zalozeni-rodiny-mate-jako-osvc-narok-na-materskou\/\" target=\"_blank\" rel=\"noopener\" title=\"\">jak\u00e9 podm\u00ednky mus\u00edte splnit pro z\u00edsk\u00e1n\u00ed mate\u0159sk\u00e9<\/a> a jak je to s&nbsp;rodi\u010dovsk\u00fdm p\u0159\u00edsp\u011bvkem.<\/p>\n\n\n\n<h3 class=\"wp-block-heading\">Kolik pen\u011bz b\u011bhem nemoci dostanete?<\/h3>\n\n\n\n<p>V\u00fd\u0161e nemocensk\u00e9 se odv\u00edj\u00ed od v\u00fd\u0161e platby na nemocensk\u00e9m poji\u0161t\u011bn\u00ed i od toho, jak dlouho jste v&nbsp;pracovn\u00ed neschopnosti. \u010c\u00e1stka se vypo\u010d\u00edt\u00e1v\u00e1 z takzvan\u00e9ho vym\u011b\u0159ovac\u00edho z\u00e1kladu, kter\u00fd je ale d\u00e1le je\u0161t\u011b redukov\u00e1n. Pokud nejste zb\u011bhl\u00ed ve v\u00fdpo\u010dtech, ur\u010dit\u011b vyu\u017eijte jednu z&nbsp;mnoha <a href=\"https:\/\/www.penize.cz\/kalkulacky\/nemocenska-osvc\" target=\"_blank\" rel=\"noopener\" title=\"\">online kalkula\u010dek<\/a> v\u00fd\u0161e nemocensk\u00e9ho poji\u0161t\u011bn\u00ed, se kter\u00fdmi z\u00edsk\u00e1te lep\u0161\u00ed p\u0159edstavu.<\/p>\n\n\n\n<p>Jak stoj\u00ed v\u00fd\u0161e, nemocensk\u00e1 se vypl\u00e1c\u00ed a\u017e<strong> od 15. dne pracovn\u00ed neschopnosti, a to ve v\u00fd\u0161i 60 %<\/strong> redukovan\u00e9ho vym\u011b\u0159ovac\u00edho z\u00e1kladu, <strong>od 31. dne se zvy\u0161uje na 66 %<\/strong> redukovan\u00e9ho vym\u011b\u0159ovac\u00edho z\u00e1kladu a <strong>od 61. dne je to 72 %<\/strong>. Maxim\u00e1ln\u00ed doba \u010derp\u00e1n\u00ed d\u00e1vek je 380 dn\u00ed.<\/p>\n\n\n\n<p>Pro lep\u0161\u00ed p\u0159edstavu \u2013 pokud plat\u00edte minim\u00e1ln\u00ed v\u00fd\u0161i nemocensk\u00e9ho, dostanete za 30 dn\u016f nemoci n\u011bco p\u0159es 2\u00a0500 K\u010d, p\u0159i 90denn\u00ed neschopnosti se bude jednat o \u010d\u00e1stku 13 770 K\u010d.<\/p>\n\n\n\n<p>D\u016fle\u017eit\u00e9 je, \u017ee <strong>b\u011bhem pob\u00edr\u00e1n\u00ed d\u00e1vek nesm\u00edte podnikat<\/strong>. V&nbsp;dob\u011b neschopnosti <strong>v\u0161ak neplat\u00edte z\u00e1lohy na soci\u00e1ln\u00edm a zdravotn\u00edm poji\u0161t\u011bn\u00ed<\/strong>.<\/p>\n\n\n\n<h2 class=\"wp-block-heading\">Jak\u00e9 dal\u0161\u00ed alternativy poji\u0161t\u011bn\u00ed jako OSV\u010c m\u00e1te?<\/h2>\n\n\n\n<p>Pokud usoud\u00edte, \u017ee nemocensk\u00e9 poji\u0161t\u011bn\u00ed se v\u00e1m nevyplat\u00ed, m\u00e1te mo\u017enost vyu\u017e\u00edt poji\u0161t\u011bn\u00ed u komer\u010dn\u00edch poji\u0161\u0165oven. Nejb\u011b\u017en\u011bj\u0161\u00ed je <strong>\u017eivotn\u00ed poji\u0161t\u011bn\u00ed<\/strong>, ke kter\u00e9mu si je\u0161t\u011b zjedn\u00e1te dopl\u0148kov\u00e9 p\u0159ipoji\u0161t\u011bn\u00ed pracovn\u00ed neschopnosti. <strong>Poji\u0161t\u011bn\u00ed pracovn\u00ed neschopnosti<\/strong> lze p\u0159\u00edpadn\u011b z\u0159\u00eddit i zvl\u00e1\u0161\u0165. Smysl m\u00e1 zejm\u00e9na u dlouhodob\u011bj\u0161\u00edch v\u00fdpadk\u016f nap\u0159\u00edklad po v\u00e1\u017en\u011bj\u0161\u00edm \u00farazu, pokud chcete vykr\u00fdt n\u011bkolikadenn\u00ed nachlazen\u00ed, ur\u010dit\u011b se nevyplat\u00ed.<\/p>\n\n\n\n<h2 class=\"wp-block-heading\">Rozd\u00edl mezi \u017eivotn\u00edm a nemocensk\u00fdm poji\u0161t\u011bn\u00edm<\/h2>\n\n\n\n<p>Z&nbsp;dobrovoln\u00e9ho nemocensk\u00e9ho poji\u0161t\u011bn\u00ed v\u00e1m v&nbsp;p\u0159\u00edpad\u011b nemoci budou chodit pen\u00edze od st\u00e1tu, u \u017eivotka pak od poji\u0161\u0165ovny, kterou si sami vyberete pro sjedn\u00e1n\u00ed poji\u0161t\u011bn\u00ed. Z&nbsp;nemocensk\u00e9ho dostanete pen\u00edze a\u017e od 15. dne neschopnosti, n\u011bkter\u00e9 <strong>poji\u0161\u0165ovny nab\u00edz\u00ed i zp\u011btn\u00e9 pln\u011bn\u00ed od 1. dne nemoci<\/strong>.<\/p>\n\n\n\n<p>Dal\u0161\u00edm rozd\u00edlem je, \u017ee u nemocensk\u00e9ho poji\u0161t\u011bn\u00ed si v\u00fd\u0161i platby m\u016f\u017eete ur\u010dovat pouze velmi omezen\u011b, u komer\u010dn\u00ed pojistky lze s&nbsp;\u010d\u00e1stkou h\u00fdbat v\u00edce na z\u00e1klad\u011b va\u0161ich pot\u0159eb.<\/p>\n\n\n\n<h2 class=\"wp-block-heading\">Jak\u00e9 jsou druhy \u017eivotn\u00edho poji\u0161t\u011bn\u00ed a co v\u0161echno sem spad\u00e1?<\/h2>\n\n\n\n<p>\u017divotek existuje n\u011bkolik typ\u016f. Od rizikov\u00e9ho \u017eivotn\u00edho poji\u0161t\u011bn\u00ed p\u0159es investi\u010dn\u00ed a\u017e po d\u016fchodov\u00e9. Nejv\u00fdhodn\u011bji se jev\u00ed rizikov\u00e9 \u017eivotn\u00ed poji\u0161t\u011bn\u00ed, kter\u00e9 b\u00fdv\u00e1 nejlevn\u011bj\u0161\u00ed a d\u00edky tomu, \u017ee neobsahuje investi\u010dn\u00ed slo\u017eku, se d\u00e1 snadno vypov\u011bd\u011bt. Pokud byste cht\u011bli pen\u00edze \u010d\u00e1ste\u010dn\u011b i hodnotit, vyberte si investi\u010dn\u00ed \u017eivotn\u00ed poji\u0161t\u011bn\u00ed. U n\u011bho ale po\u010d\u00edtejte se sankcemi p\u0159i jeho p\u0159ed\u010dasn\u00e9m ru\u0161en\u00ed.<\/p>\n\n\n\n<p>Samotn\u00e9 poji\u0161t\u011bn\u00ed se pak skl\u00e1d\u00e1 z&nbsp;v\u00edce rizik, kter\u00e9 si sami navol\u00edte. Nejb\u011b\u017en\u011bj\u0161\u00ed slo\u017ekou je <strong>poji\u0161t\u011bn\u00ed dlouhodob\u00fdch dopad\u016f <\/strong>nemoci nebo \u00farazu (nap\u0159\u00edklad riziko smrti, invalidita, z\u00e1va\u017en\u00e9 onemocn\u011bn\u00ed nebo trval\u00e9 n\u00e1sledky \u00farazu). Dal\u0161\u00ed slo\u017eka pokr\u00fdv\u00e1 <strong>kr\u00e1tkodob\u011bj\u0161\u00ed dopady nemoci nebo \u00farazu <\/strong>a zahrnuje nap\u0159\u00edklad poji\u0161t\u011bn\u00ed pracovn\u00ed neschopnosti, hospitalizaci nebo denn\u00ed od\u0161kodn\u00e9 za \u00faraz.<\/p>\n\n\n\n<h2 class=\"wp-block-heading\">Jak\u00e1 je v\u00fd\u0161e \u017eivotn\u00edho poji\u0161t\u011bn\u00ed pro OSV\u010c?<\/h2>\n\n\n\n<p>Cenu poji\u0161t\u011bn\u00ed ovliv\u0148uje v\u00edce faktor\u016f. Od va\u0161eho v\u011bku a\u017e po rizikovost povol\u00e1n\u00ed. Na kone\u010dnou \u010d\u00e1stku m\u00e1 tak\u00e9 vliv, jak vysok\u00e9 kryt\u00ed si u jednotliv\u00fdch rizik zvol\u00edte. \u010c\u00edm vy\u0161\u0161\u00ed kryt\u00ed, t\u00edm samoz\u0159ejm\u011b vy\u0161\u0161\u00ed cena pojistn\u00e9ho.<\/p>\n\n\n\n<h2 class=\"wp-block-heading\">Kdy se vyplat\u00ed komer\u010dn\u00ed poji\u0161t\u011bn\u00ed?<\/h2>\n\n\n\n<p>Pokud <strong>nem\u00e1te dostate\u010dnou finan\u010dn\u00ed rezervu<\/strong> a st\u00e1tn\u00ed nemocensk\u00e9 poji\u0161t\u011bn\u00ed se v\u00e1m nevyplat\u00ed, zva\u017ete komer\u010dn\u00ed pojistku pro p\u0159\u00edpad, abyste nebyli b\u011bhem pracovn\u00ed neschopnosti bez jak\u00fdchkoli p\u0159\u00edjm\u016f. Stejn\u011b tak ji zva\u017ete, jestli\u017ee <strong>spl\u00e1c\u00edte hypot\u00e9ku nebo jin\u00fd velk\u00fd \u00fav\u011br<\/strong>.<\/p>\n\n\n\n<p>\u017divotn\u00ed poji\u0161t\u011bn\u00ed si nav\u00edc m\u016f\u017eete <strong>ode\u010d\u00edst z&nbsp;dan\u00ed<\/strong> a sn\u00ed\u017eit si da\u0148ov\u00fd z\u00e1klad. Tady ale pozor, kdybyste poji\u0161t\u011bn\u00ed p\u0159ed\u010dasn\u011b vypov\u011bd\u011bli, budete muset da\u0148ovou \u00falevu zp\u011btn\u011b vracet, a to dokonce a\u017e 10 let zp\u00e1tky.<\/p>\n\n\n\n<h2 class=\"wp-block-heading\">Z\u00e1v\u011brem<\/h2>\n\n\n\n<p>Nemocensk\u00e9 poji\u0161t\u011bn\u00ed nebo komer\u010dn\u00ed poji\u0161t\u011bn\u00ed (p\u0159\u00edpadn\u011b kombinace oboj\u00edho) je vhodn\u00fd dopln\u011bk k&nbsp;tomu, abyste se p\u0159ipravili na p\u0159\u00edpadnou pracovn\u00ed neschopnost. V\u011bt\u0161inou ale pokryjete vypadl\u00e9 p\u0159\u00edjmy pouze \u010d\u00e1ste\u010dn\u011b. V&nbsp;ka\u017ed\u00e9m p\u0159\u00edpad\u011b se vyplat\u00ed postupn\u011b budovat <a href=\"https:\/\/www.freelance.cz\/blog\/financni-rezerva-na-volne-noze-kolik-je-tak-akorat-a-jak-ji-vytvorit\/\" target=\"_blank\" rel=\"noopener\" title=\"\">finan\u010dn\u00ed rezervu<\/a>, se kterou pro v\u00e1s nebude n\u011bkolikam\u011bs\u00ed\u010dn\u00ed v\u00fdpadek p\u0159\u00edjm\u016f likvida\u010dn\u00ed.<\/p>\n","protected":false},"excerpt":{"rendered":"<p>Jedna z&nbsp;nejv\u011bt\u0161\u00edch v\u00fdhod zam\u011bstn\u00e1n\u00ed je jistota, \u017ee v&nbsp;dob\u011b nemoci nebudete bez prost\u0159edk\u016f. Od prvn\u00edho dne zam\u011bstnavatel za\u010dne vypl\u00e1cet n\u00e1hradu mzdy a od 15. dne se pak tato povinnost p\u0159esune na&#8230;<\/p>\n<div class=\"more-link-wrapper\"><a class=\"more-link\" href=\"https:\/\/www.freelance.cz\/blog\/osvc-a-dobrovolne-nemocenske-pojisteni-kdy-dava-smysl-a-kdy-se-vyplati-komercni-pojistka\/\">\u010c\u00edst d\u00e1le<span class=\"screen-reader-text\">OSV\u010c a dobrovoln\u00e9 nemocensk\u00e9 poji\u0161t\u011bn\u00ed: Kdy d\u00e1v\u00e1 smysl a kdy se vyplat\u00ed komer\u010dn\u00ed pojistka?<\/span><\/a><\/div>\n","protected":false},"author":8,"featured_media":1386,"comment_status":"closed","ping_status":"closed","sticky":false,"template":"","format":"standard","meta":{"footnotes":""},"categories":[6,3],"tags":[],"class_list":["post-1385","post","type-post","status-publish","format-standard","has-post-thumbnail","hentry","category-finance-v-podnikani","category-pro-freelancery","excerpt"],"aioseo_notices":[],"_links":{"self":[{"href":"https:\/\/www.freelance.cz\/blog\/wp-json\/wp\/v2\/posts\/1385","targetHints":{"allow":["GET"]}}],"collection":[{"href":"https:\/\/www.freelance.cz\/blog\/wp-json\/wp\/v2\/posts"}],"about":[{"href":"https:\/\/www.freelance.cz\/blog\/wp-json\/wp\/v2\/types\/post"}],"author":[{"embeddable":true,"href":"https:\/\/www.freelance.cz\/blog\/wp-json\/wp\/v2\/users\/8"}],"replies":[{"embeddable":true,"href":"https:\/\/www.freelance.cz\/blog\/wp-json\/wp\/v2\/comments?post=1385"}],"version-history":[{"count":5,"href":"https:\/\/www.freelance.cz\/blog\/wp-json\/wp\/v2\/posts\/1385\/revisions"}],"predecessor-version":[{"id":1516,"href":"https:\/\/www.freelance.cz\/blog\/wp-json\/wp\/v2\/posts\/1385\/revisions\/1516"}],"wp:featuredmedia":[{"embeddable":true,"href":"https:\/\/www.freelance.cz\/blog\/wp-json\/wp\/v2\/media\/1386"}],"wp:attachment":[{"href":"https:\/\/www.freelance.cz\/blog\/wp-json\/wp\/v2\/media?parent=1385"}],"wp:term":[{"taxonomy":"category","embeddable":true,"href":"https:\/\/www.freelance.cz\/blog\/wp-json\/wp\/v2\/categories?post=1385"},{"taxonomy":"post_tag","embeddable":true,"href":"https:\/\/www.freelance.cz\/blog\/wp-json\/wp\/v2\/tags?post=1385"}],"curies":[{"name":"wp","href":"https:\/\/api.w.org\/{rel}","templated":true}]}}