{"id":1490,"date":"2025-02-03T10:56:03","date_gmt":"2025-02-03T09:56:03","guid":{"rendered":"https:\/\/www.freelance.cz\/blog\/?p=1490"},"modified":"2025-03-12T13:31:14","modified_gmt":"2025-03-12T12:31:14","slug":"uspesny-mezinarodni-pribeh-s-novymi-plany-expanze","status":"publish","type":"post","link":"https:\/\/www.freelance.cz\/blog\/uspesny-mezinarodni-pribeh-s-novymi-plany-expanze\/","title":{"rendered":"\u00dasp\u011b\u0161n\u00fd mezin\u00e1rodn\u00ed p\u0159\u00edb\u011bh s nov\u00fdmi pl\u00e1ny expanze"},"content":{"rendered":"\n<p><strong>freelance.group : Glob\u00e1ln\u00ed platforma pro freelancery expanduje v roce 2025 do Ji\u017en\u00ed Ameriky&nbsp;<\/strong><\/p>\n\n\n\n<ul class=\"wp-block-list\">\n<li><strong>Glob\u00e1ln\u00ed dosah: V\u00edce ne\u017e 1 milion freelancer\u016f registrovan\u00fdch na platform\u00e1ch freelance.group po cel\u00e9m sv\u011bt\u011b<\/strong><\/li>\n\n\n\n<li><strong>Roz\u0161\u00ed\u0159en\u00ed: P\u016fsoben\u00ed v Braz\u00edlii, Mexiku a Argentin\u011b od roku 2025<\/strong><\/li>\n\n\n\n<li><strong>Diverzita a spolupr\u00e1ce: posl\u00e1n\u00edm freelance.group je utv\u00e1\u0159et budoucnost pr\u00e1ce bez hranic<\/strong><\/li>\n<\/ul>\n\n\n\n<p>Mnichov, 3. \u00fanora 2025 \u2013 Zalo\u017een\u00edm freelance.group se st\u00e1v\u00e1me glob\u00e1ln\u00edm hr\u00e1\u010dem na voln\u00e9m trhu. Skupina sdru\u017euje platformy&nbsp;<strong>freelance.de&nbsp;<\/strong>,&nbsp;<strong>freelance.ca&nbsp;<\/strong>,&nbsp;<strong>freelance.co.uk&nbsp;<\/strong>,&nbsp;<strong>freelance.pl&nbsp;<\/strong>,&nbsp;<strong>freelance.cz, freelance.ro, freelance.jobs&nbsp;<\/strong>a&nbsp;<strong>freelance.ua&nbsp;<\/strong>pod jednou st\u0159echou a poskytuje p\u0159\u00edstup k s\u00edti v\u00edce ne\u017e&nbsp;<strong>1 milionu nez\u00e1visl\u00fdch pracovn\u00edk\u016f&nbsp;<\/strong>po cel\u00e9m sv\u011bt\u011b.<\/p>\n\n\n<div class=\"wp-block-image\">\n<figure class=\"aligncenter\"><img decoding=\"async\" src=\"blob:https:\/\/www.freelance.cz\/1308ff46-0e86-4fda-8967-961495af82f0\" alt=\"\"\/><\/figure>\n<\/div>\n\n\n<p>Skupina freelance.group , p\u016fvodn\u011b zalo\u017een\u00e1 v N\u011bmecku v roce 2007 jako m\u00edstn\u00ed komunita, se vyvinula v glob\u00e1ln\u00edho hr\u00e1\u010de spojuj\u00edc\u00edho nez\u00e1visl\u00e9 pracovn\u00edky a spole\u010dnosti na osmi trz\u00edch. Nyn\u00ed skupina podnik\u00e1 dal\u0161\u00ed krok a oznamuje pl\u00e1ny na roz\u0161\u00ed\u0159en\u00ed sv\u00e9ho p\u016fsoben\u00ed do&nbsp;<strong>Braz\u00edlie, Mexika a Argentiny&nbsp;<\/strong>v roce 2025.<\/p>\n\n\n\n<p><strong>Simon Gravel, zakladatel freelance.group, nasti\u0148uje dal\u0161\u00ed f\u00e1zi expanze:<\/strong><\/p>\n\n\n\n<p><em>V roce expandujeme 2025 na t\u0159i nejv\u011bt\u0161\u00ed trhy Ji\u017en\u00ed Ameriky \u2013 do Argentiny, Braz\u00edlie a Mexika. Spole\u010dnosti po cel\u00e9m sv\u011bt\u011b z\u00edskaj\u00ed p\u0159\u00edstup k mezin\u00e1rodn\u00ed skupin\u011b vysoce kvalifikovan\u00fdch odborn\u00edk\u016f, zat\u00edmco freelance\u0159i budou m\u00edt p\u0159\u00edle\u017eitost pod\u00edlet se na projektech po cel\u00e9m sv\u011bt\u011b. Kreativn\u00ed a digit\u00e1ln\u00ed potenci\u00e1l t\u011bchto trh\u016f je v\u00fdznamn\u00fd a zna\u010dn\u011b obohat\u00ed na\u0161i s\u00ed\u0165. M\u00e9 osobn\u00ed zku\u0161enosti v Argentin\u011b, Braz\u00edlii, Spojen\u00fdch st\u00e1tech a Kanad\u011b mi uk\u00e1zaly, jak cenn\u00e1 je rozmanitost pro podporu inovac\u00ed.\u201c<\/em><\/p>\n\n\n\n<p><strong>P\u016fsobiv\u00e1 \u010d\u00edsla, siln\u00e1 s\u00ed\u0165&nbsp;<\/strong><br>Freelance.group pokra\u010duje v dosahov\u00e1n\u00ed pozoruhodn\u00fdch miln\u00edk\u016f:<\/p>\n\n\n\n<ul class=\"wp-block-list\">\n<li><strong>1 milion registrovan\u00fdch freelancer\u016f:\u00a0<\/strong>Skupina spojuje vysoce kvalifikovan\u00e9 profesion\u00e1ly nap\u0159\u00ed\u010d r\u016fzn\u00fdmi pr\u016fmyslov\u00fdmi odv\u011btv\u00edmi, v\u010detn\u011b IT, poradenstv\u00ed a stroj\u00edrenstv\u00ed.<\/li>\n\n\n\n<li><strong>100 000 spole\u010dnost\u00ed:\u00a0<\/strong>V\u00edce ne\u017e 100 000 spole\u010dnost\u00ed aktivn\u011b vyu\u017e\u00edv\u00e1 platformu k nalezen\u00ed nejlep\u0161\u00edch talent\u016f pro sv\u00e9 projekty.<\/li>\n\n\n\n<li><strong>1,5 milionu projekt\u016f:\u00a0<\/strong>Skupina \u00fasp\u011b\u0161n\u011b podpo\u0159ila v\u00edce ne\u017e 1,5 milionu projekt\u016f, co\u017e umo\u017enilo bezpo\u010det inovac\u00ed a \u0159\u00eddilo obchodn\u00ed iniciativy po cel\u00e9m sv\u011bt\u011b.<\/li>\n<\/ul>\n\n\n\n<p><strong>Zam\u011b\u0159en\u00ed na rozmanitost a spolupr\u00e1ci&nbsp;<br><\/strong>Freelance.group nen\u00ed jen platforma, ale tak\u00e9 katalyz\u00e1tor glob\u00e1ln\u00ed spolupr\u00e1ce. Expanz\u00ed do Ji\u017en\u00ed Ameriky poskytuje spole\u010dnostem p\u0159\u00edstup ke glob\u00e1ln\u00ed skupin\u011b vysoce kvalifikovan\u00fdch odborn\u00edk\u016f na podporu realizace slo\u017eit\u00fdch projekt\u016f. Nez\u00e1visl\u00ed pracovn\u00edci z\u00e1rove\u0148 z\u00edsk\u00e1vaj\u00ed nov\u00e9 p\u0159\u00edle\u017eitosti p\u0159edv\u00e9st sv\u00e9 dovednosti po cel\u00e9m sv\u011bt\u011b a p\u0159isp\u011bt k zaj\u00edmav\u00fdm mezin\u00e1rodn\u00edm projekt\u016fm.<\/p>\n\n\n\n<p>Pro v\u00edce informac\u00ed o historii a mezin\u00e1rodn\u00edch platform\u00e1ch freelance.group nav\u0161tivte webov\u00e9 str\u00e1nky&nbsp;<a href=\"https:\/\/freelance.group\/\"><\/a><a href=\"https:\/\/freelance.group\/\">freelance.group&nbsp;<\/a><a href=\"https:\/\/freelance.group\/\"><\/a>.<\/p>\n\n\n\n<p><strong>O freelance.group<\/strong><\/p>\n\n\n\n<p>Freelance.group je glob\u00e1ln\u00ed s\u00ed\u0165 spojuj\u00edc\u00ed freelancery a spole\u010dnosti po cel\u00e9m sv\u011bt\u011b. D\u00edky siln\u00e9mu zastoupen\u00ed na osmi trz\u00edch, v\u00edce ne\u017e&nbsp;<strong>1 milionu registrovan\u00fdch freelancer\u016f&nbsp;<\/strong>a v\u00edce ne\u017e&nbsp;<strong>1,5 milionu realizovan\u00fdch projekt\u016f&nbsp;<\/strong>umo\u017e\u0148uje skupina podnik\u016fm efektivn\u011b nach\u00e1zet talenty a \u00fasp\u011b\u0161n\u011b realizovat projekty.<\/p>\n\n\n\n<p><strong>Pro dotazy a dal\u0161\u00ed informace:&nbsp;<\/strong><br>Sofiya Reif<\/p>\n\n\n\n<p>Mobile: +49 160 912 452 34&nbsp;<br>E-mail: sofiya.reif@freelance.de<strong><\/strong><\/p>\n\n\n\n<p><\/p>\n","protected":false},"excerpt":{"rendered":"<p>freelance.group : Glob\u00e1ln\u00ed platforma pro freelancery expanduje v roce 2025 do Ji\u017en\u00ed Ameriky&nbsp; Mnichov, 3. \u00fanora 2025 \u2013 Zalo\u017een\u00edm freelance.group se st\u00e1v\u00e1me glob\u00e1ln\u00edm hr\u00e1\u010dem na voln\u00e9m trhu. Skupina sdru\u017euje platformy&nbsp;freelance.de&nbsp;,&nbsp;freelance.ca&nbsp;,&nbsp;freelance.co.uk&nbsp;,&nbsp;freelance.pl&nbsp;,&nbsp;freelance.cz,&#8230;<\/p>\n<div class=\"more-link-wrapper\"><a class=\"more-link\" href=\"https:\/\/www.freelance.cz\/blog\/uspesny-mezinarodni-pribeh-s-novymi-plany-expanze\/\">\u010c\u00edst d\u00e1le<span class=\"screen-reader-text\">\u00dasp\u011b\u0161n\u00fd mezin\u00e1rodn\u00ed p\u0159\u00edb\u011bh s nov\u00fdmi pl\u00e1ny expanze<\/span><\/a><\/div>\n","protected":false},"author":2,"featured_media":1494,"comment_status":"closed","ping_status":"closed","sticky":false,"template":"","format":"standard","meta":{"footnotes":""},"categories":[8],"tags":[],"class_list":["post-1490","post","type-post","status-publish","format-standard","has-post-thumbnail","hentry","category-o-freelance-cz","excerpt"],"aioseo_notices":[],"_links":{"self":[{"href":"https:\/\/www.freelance.cz\/blog\/wp-json\/wp\/v2\/posts\/1490","targetHints":{"allow":["GET"]}}],"collection":[{"href":"https:\/\/www.freelance.cz\/blog\/wp-json\/wp\/v2\/posts"}],"about":[{"href":"https:\/\/www.freelance.cz\/blog\/wp-json\/wp\/v2\/types\/post"}],"author":[{"embeddable":true,"href":"https:\/\/www.freelance.cz\/blog\/wp-json\/wp\/v2\/users\/2"}],"replies":[{"embeddable":true,"href":"https:\/\/www.freelance.cz\/blog\/wp-json\/wp\/v2\/comments?post=1490"}],"version-history":[{"count":1,"href":"https:\/\/www.freelance.cz\/blog\/wp-json\/wp\/v2\/posts\/1490\/revisions"}],"predecessor-version":[{"id":1492,"href":"https:\/\/www.freelance.cz\/blog\/wp-json\/wp\/v2\/posts\/1490\/revisions\/1492"}],"wp:featuredmedia":[{"embeddable":true,"href":"https:\/\/www.freelance.cz\/blog\/wp-json\/wp\/v2\/media\/1494"}],"wp:attachment":[{"href":"https:\/\/www.freelance.cz\/blog\/wp-json\/wp\/v2\/media?parent=1490"}],"wp:term":[{"taxonomy":"category","embeddable":true,"href":"https:\/\/www.freelance.cz\/blog\/wp-json\/wp\/v2\/categories?post=1490"},{"taxonomy":"post_tag","embeddable":true,"href":"https:\/\/www.freelance.cz\/blog\/wp-json\/wp\/v2\/tags?post=1490"}],"curies":[{"name":"wp","href":"https:\/\/api.w.org\/{rel}","templated":true}]}}