{"id":639,"date":"2019-11-17T18:10:49","date_gmt":"2019-11-17T17:10:49","guid":{"rendered":"https:\/\/www.freelance.cz\/blog\/?p=639"},"modified":"2019-11-18T13:04:57","modified_gmt":"2019-11-18T12:04:57","slug":"rozhovor-s-ceo-freelancecz","status":"publish","type":"post","link":"https:\/\/www.freelance.cz\/blog\/rozhovor-s-ceo-freelancecz\/","title":{"rendered":"Rozhovor s CEO freelance.cz aneb seznamte se projektem, kter\u00fd chce b\u00fdt ide\u00e1ln\u00edm m\u00edstem pro navazov\u00e1n\u00ed spoluprac\u00ed mezi freelancery a firmami"},"content":{"rendered":"\n<p>Tak jsme si \u0159ekli, \u017ee je na \u010dase vyzpov\u00eddat na\u0161eho k\u00e1pa, Luk\u00e1\u0161e Jel\u00ednka, kter\u00fd p\u0159inesl <em>projekt freelance<\/em> do \u010cesk\u00e9 republiky. A povedlo se. V\u00fdsledkem je rozhovor, d\u00edky kter\u00e9mu m\u00e1te mo\u017enost nahl\u00e9dnout do <strong>\u201ez\u00e1kulis\u00ed\u201c  freelance.cz<\/strong>.<\/p>\n\n\n\n<h2 class=\"wp-block-heading\">Co si m\u00e1 firma \u010di freelancer p\u0159edstavit, kdy\u017e se \u0159ekne <strong>\u201e<\/strong>freelance.cz<strong>\u201c<\/strong>?<\/h2>\n\n\n\n<p>M\u00edsto, resp. web, kde se p\u0159es internet setk\u00e1vaj\u00ed <strong>odb\u011bratel\u00e9 slu\u017eeb a odborn\u00edci na voln\u00e9 noze<\/strong>, kter\u00e9 jim tyto slu\u017eby dok\u00e1\u017eou dod\u00e1vat. A tato kooperace pak vede k tomu, \u017ee podnik\u00e1n\u00ed obou stran roste. <\/p>\n\n\n\n<h2 class=\"wp-block-heading\">Jak tento projekt vznikl?<\/h2>\n\n\n\n<p>P\u0159es 10 let jsem pracoval jako program\u00e1tor na voln\u00e9 noze. Jednou m\u011b oslovila spole\u010dnost Freelancer.Net GmbH z N\u011bmecka. Pot\u0159ebovali pomoct s realizac\u00ed modul\u016f na freelance.de, <strong>nejv\u011bt\u0161\u00edm port\u00e1lu<\/strong> sv\u00e9ho druhu na n\u011bmeck\u00e9m trhu. <\/p>\n\n\n\n<p>Proto\u017ee byli s&nbsp;moj\u00ed pr\u00e1ci spokojeni a j\u00e1 byl spokojen s&nbsp;jejich p\u0159\u00edstupem, spolupr\u00e1ce pokra\u010dovala. <\/p>\n\n\n\n<p>Nakonec jsme se potkali osobn\u011b s hlavn\u00edm v\u00fdvoj\u00e1\u0159em a s&nbsp;CEO a domluvili se, \u017ee budeme spolupracovat dlouhodob\u011b, a to nejen na port\u00e1lu freelance.de. V\u00fdsledkem je nap\u0159\u00edklad i \u010desk\u00e1 verze freelance.cz<\/p>\n\n\n\n<h2 class=\"wp-block-heading\">Jak dlouho funguje?<\/h2>\n\n\n\n<p>Web jsme pilotn\u011b spustili v\u00a0<strong>listopadu 2017<\/strong>, av\u0161ak a\u017e za\u010d\u00e1tkem roku 2018 jsme ho za\u010dali aktivn\u011bji propagovat, aby se dostal mezi spr\u00e1vn\u00e9 lidi, c\u00edlovou skupinu.<\/p>\n\n\n\n<h2 class=\"wp-block-heading\">Jakou motivaci d\u00e1v\u00e1 n\u011bmeck\u00e9 dvoj\u010de? Jak\u00e9 m\u00e1 u na\u0161ich soused\u016f v\u00fdsledky?<\/h2>\n\n\n\n<p><br>\u010c\u00edsla jsou velmi zaj\u00edm\u00e1v\u00e1. Za 11 let se registrovalo skoro <strong>140 tis\u00edc freelancer\u016f<\/strong>, p\u0159es 56 tis\u00edc profil\u016f freelancer\u016f je online. D\u00e1le se zapojilo <strong>25 tis\u00edc firem<\/strong>. Bylo publikov\u00e1no celkem p\u0159es 600 tis\u00edc projekt\u016f. Denn\u011b se registruje 80 nov\u00fdch freelancer\u016f a vkl\u00e1d\u00e1 se 400 projekt\u016f.<\/p>\n\n\n\n<p>T\u011bmto v\u00fdsledk\u016fm se chceme postupem \u010dasu tak\u00e9 p\u0159\u00edbli\u017eit, abychom poskytovali ide\u00e1ln\u00ed prostor pro hled\u00e1n\u00ed a navazov\u00e1n\u00ed freelance spolupr\u00e1ce. <\/p>\n\n\n\n<h2 class=\"wp-block-heading\">V \u010dem vid\u00ed\u0161 nejv\u011bt\u0161\u00ed p\u0159\u00ednos webu freelance.cz? <\/h2>\n\n\n\n<p>Trouf\u00e1m si tvrdit, \u017ee se jedn\u00e1 o jedinou platformu na \u010desk\u00e9m trhu, kter\u00e1 <strong>nap\u0159\u00edmo propojuje<\/strong> freelancery s\u00a0popt\u00e1vkami firemn\u00edch z\u00e1kazn\u00edk\u016f. <\/p>\n\n\n\n<p>Na rozd\u00edl od konkuren\u010dn\u00edch katalog\u016f poskytujeme mnohem v\u011bt\u0161\u00ed <strong>interaktivitu<\/strong> mezi ob\u011bma zainteresovan\u00fdmi skupinami.<\/p>\n\n\n\n<h2 class=\"wp-block-heading\">Kde bude za 2 roky?<\/h2>\n\n\n\n<p>V&nbsp;horizontu 2 let bychom cht\u011bli prolomit hranici 10 tis\u00edc registrovan\u00fdch freelancer\u016f a 3 tis\u00edc\u016f firem. <\/p>\n\n\n\n<p>Tato \u010d\u00edsla by m\u011bla zajistit neust\u00e1le rostouc\u00ed po\u010det projekt\u016f, mezi kter\u00fdmi si budou moci freelance\u0159i vyb\u00edrat, a t\u00edm p\u00e1dem efektivitu cel\u00e9ho port\u00e1lu. <\/p>\n\n\n\n<h2 class=\"wp-block-heading\">Kdy\u017e u\u017e jsme u t\u011bch projekt\u016f&#8230; Jak vypad\u00e1 ide\u00e1ln\u00ed projekt?<\/h2>\n\n\n\n<p>Ide\u00e1ln\u00ed je takov\u00fd projekt, kter\u00fd zad\u00e1 p\u0159\u00edmo firma popt\u00e1vaj\u00edc\u00ed slu\u017ebu freelancera, tedy nikoliv agentura. Nen\u00ed to rozhodn\u011b \u017e\u00e1dn\u00e1 podivn\u00e1 jednor\u00e1zovka typu \u201e<em>kdo mi ud\u011bl\u00e1 logo do 500 K\u010d<\/em>\u201c (na to tu m\u00e1me jin\u00e9 weby), ale komplexn\u00ed <strong>zak\u00e1zka na n\u011bkolik t\u00fddn\u016f i m\u011bs\u00edc\u016f <\/strong>spolupr\u00e1ce. <\/p>\n\n\n\n<p>Proto r\u00e1di pou\u017e\u00edv\u00e1me sp\u00ed\u0161e slovo \u201eprojekt\u201c ne\u017e \u201ezak\u00e1zka\u201c, abychom komunikovali, \u017ee chceme preferovat kvalitn\u00ed rozs\u00e1hlou spolupr\u00e1ci nad mikrozak\u00e1zkami. Z\u00e1rove\u0148 by ide\u00e1ln\u00ed projekt nem\u011bl nahrazovat klasick\u00fd hlavn\u00ed pracovn\u00ed pom\u011br.<\/p>\n\n\n\n<p style=\"text-align:center\"><strong>Chcete se st\u00e1t sou\u010d\u00e1st\u00ed freelance.cz? Registrujte se zdarma <a href=\"https:\/\/www.freelance.cz\/for-consultant#\/registration\"><span style=\"text-decoration: underline\">jako freelancer<\/span><\/a> nebo <a href=\"https:\/\/www.freelance.cz\/for-company#\/registration\"><span style=\"text-decoration: underline\">jako firma<\/span><\/a> a za\u010dn\u011bte rozv\u00edjet zaj\u00edmav\u00e9 projekty t\u0159eba je\u0161t\u011b dnes!<\/strong><\/p>\n","protected":false},"excerpt":{"rendered":"<p>Tak jsme si \u0159ekli, \u017ee je na \u010dase vyzpov\u00eddat na\u0161eho k\u00e1pa, Luk\u00e1\u0161e Jel\u00ednka, kter\u00fd p\u0159inesl projekt freelance do \u010cesk\u00e9 republiky. A povedlo se. V\u00fdsledkem je rozhovor, d\u00edky kter\u00e9mu m\u00e1te mo\u017enost&#8230;<\/p>\n<div class=\"more-link-wrapper\"><a class=\"more-link\" href=\"https:\/\/www.freelance.cz\/blog\/rozhovor-s-ceo-freelancecz\/\">\u010c\u00edst d\u00e1le<span class=\"screen-reader-text\">Rozhovor s CEO freelance.cz aneb seznamte se projektem, kter\u00fd chce b\u00fdt ide\u00e1ln\u00edm m\u00edstem pro navazov\u00e1n\u00ed spoluprac\u00ed mezi freelancery a firmami<\/span><\/a><\/div>\n","protected":false},"author":3,"featured_media":645,"comment_status":"open","ping_status":"open","sticky":false,"template":"","format":"standard","meta":{"footnotes":""},"categories":[8],"tags":[],"class_list":["post-639","post","type-post","status-publish","format-standard","has-post-thumbnail","hentry","category-o-freelance-cz","excerpt"],"aioseo_notices":[],"_links":{"self":[{"href":"https:\/\/www.freelance.cz\/blog\/wp-json\/wp\/v2\/posts\/639","targetHints":{"allow":["GET"]}}],"collection":[{"href":"https:\/\/www.freelance.cz\/blog\/wp-json\/wp\/v2\/posts"}],"about":[{"href":"https:\/\/www.freelance.cz\/blog\/wp-json\/wp\/v2\/types\/post"}],"author":[{"embeddable":true,"href":"https:\/\/www.freelance.cz\/blog\/wp-json\/wp\/v2\/users\/3"}],"replies":[{"embeddable":true,"href":"https:\/\/www.freelance.cz\/blog\/wp-json\/wp\/v2\/comments?post=639"}],"version-history":[{"count":7,"href":"https:\/\/www.freelance.cz\/blog\/wp-json\/wp\/v2\/posts\/639\/revisions"}],"predecessor-version":[{"id":648,"href":"https:\/\/www.freelance.cz\/blog\/wp-json\/wp\/v2\/posts\/639\/revisions\/648"}],"wp:featuredmedia":[{"embeddable":true,"href":"https:\/\/www.freelance.cz\/blog\/wp-json\/wp\/v2\/media\/645"}],"wp:attachment":[{"href":"https:\/\/www.freelance.cz\/blog\/wp-json\/wp\/v2\/media?parent=639"}],"wp:term":[{"taxonomy":"category","embeddable":true,"href":"https:\/\/www.freelance.cz\/blog\/wp-json\/wp\/v2\/categories?post=639"},{"taxonomy":"post_tag","embeddable":true,"href":"https:\/\/www.freelance.cz\/blog\/wp-json\/wp\/v2\/tags?post=639"}],"curies":[{"name":"wp","href":"https:\/\/api.w.org\/{rel}","templated":true}]}}