{"id":801,"date":"2020-09-13T20:28:59","date_gmt":"2020-09-13T18:28:59","guid":{"rendered":"https:\/\/www.freelance.cz\/blog\/?p=801"},"modified":"2020-09-16T11:34:49","modified_gmt":"2020-09-16T09:34:49","slug":"rozhovor-mlady-podnikatel-adam-zbiejczuk","status":"publish","type":"post","link":"https:\/\/www.freelance.cz\/blog\/rozhovor-mlady-podnikatel-adam-zbiejczuk\/","title":{"rendered":"Pro\u010d (ne)pracovat v korpor\u00e1tu, za\u010d\u00ednaj\u00edc\u00ed firm\u011b nebo na voln\u00e9 noze? Market\u00e9r Adam Zbiejczuk a jeho zku\u0161enosti, kter\u00e9 m\u016f\u017eou posunout i va\u0161i kari\u00e9ru"},"content":{"rendered":"\n<p>Na\u0161e spolupr\u00e1ce s Jirkou Rosteck\u00fdm pokra\u010duje. Tentokr\u00e1t jsme podpo\u0159ili rozhovor, kter\u00fd by si m\u011bl poslechnout ka\u017ed\u00fd, kdo stoj\u00ed p\u0159ed rozhodnut\u00edm, kde pracovat.<\/p>\n\n\n\n<p>Tak\u017ee pokud jste \u010derstv\u011b <strong>po \u0161kole<\/strong> nebo chcete <strong>zm\u011bnu v u\u017e rozjet\u00e9 kari\u00e9\u0159e<\/strong>, v\u011bnujte pozornost (a 40 minut) tomuto zaj\u00edmav\u00e9mu pov\u00edd\u00e1n\u00ed. Najdete v n\u011bm hromadu inspirace pro sv\u00e9 pracovn\u00ed sm\u011b\u0159ov\u00e1n\u00ed. <br><br>U\u017eite\u010dn\u00e9 informace v\u00e1m p\u0159ed\u00e1 jeden z TOP \u010desk\u00fdch <strong>expert\u016f na marketing na soci\u00e1ln\u00edch s\u00edt\u00edch <\/strong>\u2013\u2060 Adam Zbiejczuk. Bohat\u00e9 zku\u0161enosti nasb\u00edral nejen v korpor\u00e1tu, ale i jako freelancer nebo spolumajitel agentury.<\/p>\n\n\n\n<p>Videorozhovor najdete&nbsp;<a rel=\"noreferrer noopener\" href=\"https:\/\/mladypodnikatel.cz\/korporat-agentura-podnikani-na-volne-noze-t38275\" target=\"_blank\"><strong>ZDE<\/strong>&nbsp;na webu Mlad\u00fdPodnikatel.cz<\/a>. <\/p>\n<div style=\"margin-top: 0px; margin-bottom: 0px;\" class=\"sharethis-inline-share-buttons\" ><\/div>","protected":false},"excerpt":{"rendered":"<p>Na\u0161e spolupr\u00e1ce s Jirkou Rosteck\u00fdm pokra\u010duje. Tentokr\u00e1t jsme podpo\u0159ili rozhovor, kter\u00fd by si m\u011bl poslechnout ka\u017ed\u00fd, kdo stoj\u00ed p\u0159ed rozhodnut\u00edm, kde pracovat. Tak\u017ee pokud jste \u010derstv\u011b po \u0161kole nebo chcete&#8230;<\/p>\n<div class=\"more-link-wrapper\"><a class=\"more-link\" href=\"https:\/\/www.freelance.cz\/blog\/rozhovor-mlady-podnikatel-adam-zbiejczuk\/\">\u010c\u00edst d\u00e1le<span class=\"screen-reader-text\">Pro\u010d (ne)pracovat v korpor\u00e1tu, za\u010d\u00ednaj\u00edc\u00ed firm\u011b nebo na voln\u00e9 noze? Market\u00e9r Adam Zbiejczuk a jeho zku\u0161enosti, kter\u00e9 m\u016f\u017eou posunout i va\u0161i kari\u00e9ru<\/span><\/a><\/div>\n","protected":false},"author":3,"featured_media":802,"comment_status":"open","ping_status":"open","sticky":false,"template":"","format":"standard","meta":{"footnotes":""},"categories":[8,3],"tags":[],"class_list":["post-801","post","type-post","status-publish","format-standard","has-post-thumbnail","hentry","category-o-freelance-cz","category-pro-freelancery","excerpt"],"aioseo_notices":[],"_links":{"self":[{"href":"https:\/\/www.freelance.cz\/blog\/wp-json\/wp\/v2\/posts\/801","targetHints":{"allow":["GET"]}}],"collection":[{"href":"https:\/\/www.freelance.cz\/blog\/wp-json\/wp\/v2\/posts"}],"about":[{"href":"https:\/\/www.freelance.cz\/blog\/wp-json\/wp\/v2\/types\/post"}],"author":[{"embeddable":true,"href":"https:\/\/www.freelance.cz\/blog\/wp-json\/wp\/v2\/users\/3"}],"replies":[{"embeddable":true,"href":"https:\/\/www.freelance.cz\/blog\/wp-json\/wp\/v2\/comments?post=801"}],"version-history":[{"count":4,"href":"https:\/\/www.freelance.cz\/blog\/wp-json\/wp\/v2\/posts\/801\/revisions"}],"predecessor-version":[{"id":809,"href":"https:\/\/www.freelance.cz\/blog\/wp-json\/wp\/v2\/posts\/801\/revisions\/809"}],"wp:featuredmedia":[{"embeddable":true,"href":"https:\/\/www.freelance.cz\/blog\/wp-json\/wp\/v2\/media\/802"}],"wp:attachment":[{"href":"https:\/\/www.freelance.cz\/blog\/wp-json\/wp\/v2\/media?parent=801"}],"wp:term":[{"taxonomy":"category","embeddable":true,"href":"https:\/\/www.freelance.cz\/blog\/wp-json\/wp\/v2\/categories?post=801"},{"taxonomy":"post_tag","embeddable":true,"href":"https:\/\/www.freelance.cz\/blog\/wp-json\/wp\/v2\/tags?post=801"}],"curies":[{"name":"wp","href":"https:\/\/api.w.org\/{rel}","templated":true}]}}