{"id":862,"date":"2021-01-25T08:21:12","date_gmt":"2021-01-25T07:21:12","guid":{"rendered":"https:\/\/www.freelance.cz\/blog\/?p=862"},"modified":"2021-01-25T08:23:07","modified_gmt":"2021-01-25T07:23:07","slug":"nezapadnete-v-davu-jak-spravne-vyplnit-profesni-profil-aby-zaujal-na-prvni-pohled","status":"publish","type":"post","link":"https:\/\/www.freelance.cz\/blog\/nezapadnete-v-davu-jak-spravne-vyplnit-profesni-profil-aby-zaujal-na-prvni-pohled\/","title":{"rendered":"Nezapadn\u011bte v davu: Jak spr\u00e1vn\u011b vyplnit profesn\u00ed profil, aby zaujal na prvn\u00ed pohled?"},"content":{"rendered":"\n<p>Z\u00e1pol\u00edte s&nbsp;vypl\u0148ov\u00e1n\u00edm profilu? Mluvit o sob\u011b mo\u017en\u00e1 nepat\u0159\u00ed mezi va\u0161e nejobl\u00edben\u011bj\u0161\u00ed \u010dinnosti, ale dob\u0159e vytvo\u0159en\u00e1 prezentace va\u0161\u00ed osoby v\u00fdrazn\u011b zv\u00fd\u0161\u00ed \u00fasp\u011bch p\u0159i navazov\u00e1n\u00ed spolupr\u00e1ce. A to u\u017e za t\u011bch p\u00e1r chvil vypl\u0148ov\u00e1n\u00ed stoj\u00ed.&nbsp;<\/p>\n\n\n\n<h2 class=\"wp-block-heading\">Jak jednotliv\u00e9 \u010d\u00e1sti co nejl\u00e9pe vyplnit?<\/h2>\n\n\n\n<h3 class=\"wp-block-heading\">\u00b7&nbsp;&nbsp;&nbsp;&nbsp;&nbsp;&nbsp;N\u00e1zev profilu&nbsp;<\/h3>\n\n\n\n<p>N\u00e1zev&nbsp;<a href=\"https:\/\/www.freelance.cz\/freelanceri\">profilu<\/a>&nbsp;mus\u00ed p\u0159esn\u011b&nbsp;<strong>vystihovat to, co d\u011bl\u00e1te<\/strong>. D\u00edky spr\u00e1vn\u00e9mu vypln\u011bn\u00ed budete dohledateln\u00ed. Tak\u00e9 je to prvn\u00ed \u010d\u00e1st osobn\u00ed prezentace, na kterou potenci\u00e1ln\u00edmu klientovi padne zrak a rozhodne se, jestli stoj\u00ed za rozkliknut\u00ed. Pokud m\u00e1te \u0161ir\u0161\u00ed specializaci, vypi\u0161te pro lep\u0161\u00ed dohledatelnost v\u0161echna va\u0161e zam\u011b\u0159en\u00ed. Pozor ale pokud jsou obory moc odli\u0161n\u00e9, naopak by v\u00e1m to mohlo u\u0161kodit, proto\u017ee zbyte\u010dn\u011b rozt\u0159\u00ed\u0161t\u011bn\u00e1 specializace nebudete vypadat d\u016fv\u011bryhodn\u011b.<\/p>\n\n\n\n<p>JAK ANO&nbsp;\u2713<\/p>\n\n\n\n<p>P\u0159ekladatel a lektor \u0161pan\u011blsk\u00e9ho jazyka<\/p>\n\n\n\n<p>JAK NE&nbsp;\u2715<\/p>\n\n\n\n<p>Specialista marketingu a stavebn\u00ed projektant&nbsp;<\/p>\n\n\n\n<h3 class=\"wp-block-heading\">\u00b7&nbsp;&nbsp;&nbsp;&nbsp;&nbsp;&nbsp;Fotografie<\/h3>\n\n\n\n<p>I v&nbsp;online prost\u0159ed\u00ed je dobr\u00e9 zachovat osobn\u00ed p\u0159\u00edstup. Vid\u011bt, kdo je na druh\u00e9 stran\u011b, je d\u016fle\u017eit\u00e9. Volte nejl\u00e9pe aktu\u00e1ln\u00ed fotku va\u0161eho obli\u010deje. M\u011bjte na pam\u011bti, \u017ee se jedn\u00e1 o va\u0161i pracovn\u00ed prezentaci, fotky z&nbsp;provozov\u00e1n\u00ed kon\u00ed\u010dk\u016f nebo z&nbsp;dovolen\u00e9 se \u00fapln\u011b nehod\u00ed.&nbsp;<\/p>\n\n\n\n<h3 class=\"wp-block-heading\">\u00b7&nbsp;&nbsp;&nbsp;&nbsp;&nbsp;&nbsp;Dovednosti<\/h3>\n\n\n\n<p>V\u0161e, co nab\u00edz\u00edte, vyp\u00edchn\u011bte v&nbsp;kolonce dovednost\u00ed. Jen d\u00edky tomu v\u00e1s potenci\u00e1ln\u00ed klient bude schopn\u00fd bez pot\u00ed\u017e\u00ed naj\u00edt. V&nbsp;tomhle p\u0159\u00edpad\u011b nebu\u010fte zbyte\u010dn\u011b kreativn\u00ed, ale pou\u017e\u00edvejte za\u017eit\u00e1 kl\u00ed\u010dov\u00e1 slova, pod kter\u00fdmi budete k&nbsp;nalezen\u00ed.<\/p>\n\n\n\n<h3 class=\"wp-block-heading\">\u00b7&nbsp;&nbsp;&nbsp;&nbsp;&nbsp;&nbsp;Osobn\u00ed p\u0159edstaven\u00ed a relevantn\u00ed zku\u0161enosti<\/h3>\n\n\n\n<p>Osobn\u00ed p\u0159edstaven\u00ed nen\u00ed tak docela o v\u00e1s. Je hlavn\u011b o tom,&nbsp;<strong>s&nbsp;\u010d\u00edm m\u016f\u017eete klientovi nebo firm\u011b pomoct<\/strong>. V&nbsp;n\u00e1hledu profilu se zobrazuje&nbsp;<strong>p\u0159ibli\u017en\u011b 200 znak\u016f<\/strong>&nbsp;z&nbsp;cel\u00e9ho p\u0159edstaven\u00ed. Dejte si na nich proto z\u00e1le\u017eet a vyp\u00edchn\u011bte to nejd\u016fle\u017eit\u011bj\u0161\u00ed, \u010d\u00edm m\u016f\u017eete klientovi vyt\u00e1hnout trn z&nbsp;paty.<\/p>\n\n\n\n<p>Ve zbyl\u00e9m prostoru je m\u00edsto pro va\u0161i osobnost a pro v\u0161e, co pova\u017eujete za podstatn\u00e9. Nemus\u00edte b\u00fdt p\u0159ehnan\u011b skromn\u00ed, ale rozhodn\u011b si prezentaci nijak nep\u0159ikr\u00e1\u0161lujte. P\u0159i psan\u00ed myslete op\u011bt na \u010dten\u00e1\u0159e a d\u011blte text do odstavc\u016f, kter\u00e9 usnadn\u00ed \u010dten\u00ed.<\/p>\n\n\n\n<p>P\u0159i vypl\u0148ov\u00e1n\u00ed profilu tak\u00e9 nezapome\u0148te uv\u00e9st v\u0161echny va\u0161e relevantn\u00ed zku\u0161enosti a \u00fasp\u011bchy. Re\u00e1ln\u00e9 p\u0159\u00edklady a \u010d\u00edsla toho o va\u0161ich schopnostech pov\u00ed mnoho.<\/p>\n\n\n\n<h3 class=\"wp-block-heading\">\u00b7&nbsp;&nbsp;&nbsp;&nbsp;&nbsp;&nbsp;Osv\u011bd\u010den\u00ed a certifikace&nbsp;<\/h3>\n\n\n\n<p>Sebevzd\u011bl\u00e1v\u00e1n\u00ed je to, co v\u00e1m d\u00e1v\u00e1 konkuren\u010dn\u00ed v\u00fdhodu. D\u00edky n\u011bmu neustrnete na m\u00edst\u011b a zvy\u0161ujete svou profesn\u00ed hodnotu. Do profilu si nahrajte ve\u0161ker\u00e9 certifikace, kter\u00e9 jsou pro obor relevantn\u00ed a pro potenci\u00e1ln\u00edho klienta zaj\u00edmav\u00e9.&nbsp;<\/p>\n\n\n\n<h3 class=\"wp-block-heading\">\u00b7&nbsp;&nbsp;&nbsp;&nbsp;&nbsp;&nbsp;Pracovn\u00ed zku\u0161enosti, reference a vzd\u011bl\u00e1n\u00ed<\/h3>\n\n\n\n<p>Uv\u00e1d\u011bt v\u0161echny pracovn\u00ed zku\u0161enosti nebo ne? Sp\u00ed\u0161e zvolte jen ty, kter\u00e9 maj\u00ed souvislost s&nbsp;va\u0161\u00edm oborem. Zato je ale vypl\u0148te opravdu pe\u010dliv\u011b. Uve\u010fte nejen svou funkci a co jste m\u011bli na starosti, ale tak\u00e9 to, co se v\u00e1m na t\u00e9to pozici zada\u0159ilo. D\u016fv\u011bryhodnost zv\u00fd\u0161\u00edte, kdy\u017e si ke ka\u017ed\u00e9mu&nbsp;<a href=\"https:\/\/www.freelance.cz\/projekty\">projektu<\/a>&nbsp;nech\u00e1te&nbsp;<strong>potvrdit referenci p\u0159\u00edmo od klienta<\/strong>.<\/p>\n\n\n\n<p>Stejn\u011b jako nemus\u00edte uv\u00e1d\u011bt ve\u0161ker\u00e9 pr\u00e1ce a brig\u00e1dy, kter\u00fdmi jste za \u017eivot pro\u0161li, ani \u0161koly nemus\u00edte vypisovat v\u0161echny, pokud nesouvis\u00ed s&nbsp;oborem. St\u0159edn\u00ed \u0161kolu tedy uv\u00e1d\u011bjte jen v&nbsp;p\u0159\u00edpad\u011b, \u017ee m\u00e1 na v\u00e1\u0161 obor n\u00e1vaznost.<\/p>\n\n\n\n<h2 class=\"wp-block-heading\">A na z\u00e1v\u011br je\u0161t\u011b kontrola<\/h2>\n\n\n\n<p>V\u016f\u010di sv\u00fdm chyb\u00e1m b\u00fdv\u00e1me ob\u010das trochu slep\u00ed. Proto doporu\u010dujeme, abyste nechali profil zkontrolovat \u010derstv\u00fdm nezaujat\u00fdm okem. Prezentace bez pravopisn\u00fdch chyb je prost\u011b z\u00e1klad.<\/p>\n","protected":false},"excerpt":{"rendered":"<p>Z\u00e1pol\u00edte s&nbsp;vypl\u0148ov\u00e1n\u00edm profilu? Mluvit o sob\u011b mo\u017en\u00e1 nepat\u0159\u00ed mezi va\u0161e nejobl\u00edben\u011bj\u0161\u00ed \u010dinnosti, ale dob\u0159e vytvo\u0159en\u00e1 prezentace va\u0161\u00ed osoby v\u00fdrazn\u011b zv\u00fd\u0161\u00ed \u00fasp\u011bch p\u0159i navazov\u00e1n\u00ed spolupr\u00e1ce. A to u\u017e za t\u011bch p\u00e1r&#8230;<\/p>\n<div class=\"more-link-wrapper\"><a class=\"more-link\" href=\"https:\/\/www.freelance.cz\/blog\/nezapadnete-v-davu-jak-spravne-vyplnit-profesni-profil-aby-zaujal-na-prvni-pohled\/\">\u010c\u00edst d\u00e1le<span class=\"screen-reader-text\">Nezapadn\u011bte v davu: Jak spr\u00e1vn\u011b vyplnit profesn\u00ed profil, aby zaujal na prvn\u00ed pohled?<\/span><\/a><\/div>\n","protected":false},"author":8,"featured_media":863,"comment_status":"open","ping_status":"open","sticky":false,"template":"","format":"standard","meta":{"footnotes":""},"categories":[3],"tags":[],"class_list":["post-862","post","type-post","status-publish","format-standard","has-post-thumbnail","hentry","category-pro-freelancery","excerpt"],"aioseo_notices":[],"_links":{"self":[{"href":"https:\/\/www.freelance.cz\/blog\/wp-json\/wp\/v2\/posts\/862","targetHints":{"allow":["GET"]}}],"collection":[{"href":"https:\/\/www.freelance.cz\/blog\/wp-json\/wp\/v2\/posts"}],"about":[{"href":"https:\/\/www.freelance.cz\/blog\/wp-json\/wp\/v2\/types\/post"}],"author":[{"embeddable":true,"href":"https:\/\/www.freelance.cz\/blog\/wp-json\/wp\/v2\/users\/8"}],"replies":[{"embeddable":true,"href":"https:\/\/www.freelance.cz\/blog\/wp-json\/wp\/v2\/comments?post=862"}],"version-history":[{"count":2,"href":"https:\/\/www.freelance.cz\/blog\/wp-json\/wp\/v2\/posts\/862\/revisions"}],"predecessor-version":[{"id":865,"href":"https:\/\/www.freelance.cz\/blog\/wp-json\/wp\/v2\/posts\/862\/revisions\/865"}],"wp:featuredmedia":[{"embeddable":true,"href":"https:\/\/www.freelance.cz\/blog\/wp-json\/wp\/v2\/media\/863"}],"wp:attachment":[{"href":"https:\/\/www.freelance.cz\/blog\/wp-json\/wp\/v2\/media?parent=862"}],"wp:term":[{"taxonomy":"category","embeddable":true,"href":"https:\/\/www.freelance.cz\/blog\/wp-json\/wp\/v2\/categories?post=862"},{"taxonomy":"post_tag","embeddable":true,"href":"https:\/\/www.freelance.cz\/blog\/wp-json\/wp\/v2\/tags?post=862"}],"curies":[{"name":"wp","href":"https:\/\/api.w.org\/{rel}","templated":true}]}}