{"id":888,"date":"2021-03-24T17:01:00","date_gmt":"2021-03-24T16:01:00","guid":{"rendered":"https:\/\/www.freelance.cz\/blog\/?p=888"},"modified":"2021-03-25T09:48:35","modified_gmt":"2021-03-25T08:48:35","slug":"tvurci-blok-jak-ho-prekonat-a-lze-mu-predchazet","status":"publish","type":"post","link":"https:\/\/www.freelance.cz\/blog\/tvurci-blok-jak-ho-prekonat-a-lze-mu-predchazet\/","title":{"rendered":"Tv\u016fr\u010d\u00ed blok: Jak ho p\u0159ekonat a lze mu p\u0159edch\u00e1zet?"},"content":{"rendered":"\n<p>Deadliny nepo\u010dkaj\u00ed. Zato kreativita si d\u00e1v\u00e1 na \u010das. Pocit tv\u016fr\u010d\u00edho bloku za\u017eil nejsp\u00ed\u0161 ka\u017ed\u00fd <a href=\"https:\/\/www.freelance.cz\/freelanceri\">freelancer<\/a>, kter\u00fd se \u017eiv\u00ed kreativn\u00ed prac\u00ed. A\u0165 u\u017e je to art director, grafik nebo t\u0159eba copywriter. Jen\u017ee co s&nbsp;t\u00edm?<\/p>\n\n\n\n<p>Nedostatek n\u00e1pad\u016f vede k&nbsp;frustraci a ta jen zablokuje dal\u0161\u00ed n\u00e1pady. Dostat se ze za\u010darovan\u00e9ho kruhu na\u0161t\u011bst\u00ed nen\u00ed ne\u0159e\u0161iteln\u00fd probl\u00e9m.<\/p>\n\n\n\n<h2 class=\"wp-block-heading\">Zjist\u011bte pro\u010d to nejde<\/h2>\n\n\n\n<p>Kreativn\u00ed blok nep\u0159ich\u00e1z\u00ed bez p\u0159\u00ed\u010diny. Abyste ho mohli p\u0159ekonat, zjist\u011bte nejd\u0159\u00edv, pro\u010d se v&nbsp;prvn\u00ed \u0159ad\u011b objevil. Nej\u010dast\u011bj\u0161\u00ed d\u016fvody jsou nap\u0159\u00edklad tyto:<\/p>\n\n\n\n<ul class=\"wp-block-list\"><li><strong>Nec\u00edt\u00edte se dob\u0159e<\/strong> <strong>fyzicky<\/strong> \u2013 nap\u0159\u00edklad z dlouhodob\u00e9ho p\u0159epracov\u00e1n\u00ed, nedostatku sp\u00e1nku nebo kv\u016fli (za\u010d\u00ednaj\u00edc\u00ed) nemoci. Pokud jste vy\u010derpan\u00ed, odpo\u010di\u0148te si. I kdy\u017e m\u00e1te pocit, \u017ee tak jen p\u0159ijdete o spoustu \u010dasu, m\u016f\u017ee to b\u00fdt p\u0159esn\u011b naopak. Odpo\u010dat\u00ed se sp\u00ed\u0161 znovu rozpracujete.<\/li><li><strong>Nec\u00edt\u00edte se dob\u0159e psychicky<\/strong> \u2013 to mohou zp\u016fsobit osobn\u00ed probl\u00e9my, nedostatek \u010dasu na sebe nebo t\u0159eba jen pocit, \u017ee na to nem\u00e1te. Nel\u00e1mejte nic p\u0159es koleno. Vy\u0159e\u0161te probl\u00e9my a k&nbsp;pr\u00e1ci se vra\u0165te pozd\u011bji, a\u017e nebudete zahlcen\u00ed.<\/li><li><strong>V&nbsp;pr\u00e1ci nevid\u00edte smysl<\/strong> \u2013 zjistili jste, \u017ee s&nbsp;dan\u00fdm projektem nesouzn\u00edte, nebo pracujete pro klienta, se kter\u00fdm m\u00e1te naprosto odli\u0161n\u00e9 p\u0159edstavy. Zamyslete se, co by v\u00e1m v&nbsp;tomto p\u0159\u00edpad\u011b pomohlo. Vy\u0161\u0161\u00ed <a href=\"https:\/\/www.freelance.cz\/blog\/naucte-se-obhajit-svou-cenu-pred-klientem\/\">cena<\/a>, kterou vykompenzujete pocit, \u017ee ned\u011bl\u00e1te smysluplnou pr\u00e1ci, je jednou z&nbsp;mo\u017enost\u00ed.<\/li><li><strong>Chyb\u00ed v\u00e1m dostatek podklad\u016f<\/strong> \u2013 bez hlub\u0161\u00ed znalosti a dostatku informac\u00ed o <a href=\"https:\/\/www.freelance.cz\/projekty\">projektu<\/a> se t\u011b\u017ece odr\u00e1\u017e\u00ed z m\u00edsta. \u0158e\u0161en\u00ed je tady pom\u011brn\u011b snadn\u00e9. Doptejte se na chyb\u011bj\u00edc\u00ed informace a ud\u011blejte hlub\u0161\u00ed re\u0161er\u0161i. U\u017e b\u011bhem n\u00ed objev\u00edte spoustu inspirace, kter\u00e1 nastartuje kreativn\u00ed my\u0161len\u00ed.<\/li><\/ul>\n\n\n\n<p>Samoz\u0159ejm\u011b d\u016fvod\u016f pro tv\u016fr\u010d\u00ed krizi je mnohem v\u00edce, ur\u010dit\u011b si nejprve najd\u011bte \u010das na nalezen\u00ed hlavn\u00ed p\u0159\u00ed\u010diny probl\u00e9mu, abyste se ze za\u010darovan\u00e9ho kruhu mohli dostat co nejrychleji.<\/p>\n\n\n\n<h2 class=\"wp-block-heading\">Kreativita je proces, a procesy maj\u00ed pravidla<\/h2>\n\n\n\n<p>Kreativita na\u0161t\u011bst\u00ed nen\u00ed \u017e\u00e1dn\u00e1 magie, ale proces o n\u011bkolika f\u00e1z\u00edch, kter\u00fdmi si mus\u00edte postupn\u011b proj\u00edt. Tak\u017ee p\u0159esta\u0148te \u010dekat na M\u00fazu, proto\u017ee ta nep\u0159ijde. Prvn\u00ed krok je na v\u00e1s.<\/p>\n\n\n\n<p>Z&nbsp;\u010deho se kreativn\u00ed proces skl\u00e1d\u00e1?<\/p>\n\n\n\n<ul class=\"wp-block-list\"><li><strong>Sb\u00edr\u00e1n\u00ed informac\u00ed<\/strong> \u2013 v&nbsp;t\u00e9to f\u00e1zi nasb\u00edrejte co nejv\u00edce relevantn\u00edch zdroj\u016f.<\/li><li><strong>Studium zdroj\u016f<\/strong> \u2013 nasb\u00edran\u00e9 informace pe\u010dliv\u011b nastudujte.<\/li><li><strong>Pr\u00e1ce podv\u011bdom\u00ed<\/strong> \u2013 nechte mozek zpracovat v\u0161e, co jste mu v&nbsp;p\u0159edchoz\u00ed f\u00e1zi doru\u010dili. Dejte tomu voln\u00fd pr\u016fb\u011bh. Nejlep\u0161\u00ed n\u00e1pady stejn\u011b nej\u010dast\u011bji p\u0159ich\u00e1zej\u00ed, kdy\u017e je ne\u010dek\u00e1te. Na proch\u00e1zce, u sklenky v\u00edna nebo t\u0159eba ve spr\u0161e. Odpo\u010dat\u00fd mozek toti\u017e funguje l\u00e9pe, ne\u017e kdy\u017e je p\u0159ehlcen\u00fd. Klidn\u011b vyzkou\u0161ejte meditaci, kter\u00e1 rozvln\u00ed mozek v&nbsp;t\u00e9 spr\u00e1vn\u00e9 frekvenci.<\/li><li><strong>N\u00e1pad<\/strong> \u2013 m\u011bjte po ruce blo\u010dek na n\u00e1pady, abyste byli p\u0159ipraveni na moment, a\u017e to secvakne. A\u017e bude my\u0161lenka vyslovena, je na \u010dase ji zrealizovat.<\/li><\/ul>\n\n\n\n<p>Kreativn\u00edmu my\u0161len\u00ed se bl\u00ed\u017ee v\u011bnuje James Webb Young ve sv\u00e9 kr\u00e1tk\u00e9 knize <a href=\"https:\/\/www.nejlevnejsi-knihy.cz\/kniha\/technique-for-producing-ideas.html?\">A Technique for Producing Ideas<\/a>.<\/p>\n\n\n\n<h2 class=\"wp-block-heading\">Jak se nezablokovat<\/h2>\n\n\n\n<p>U\u017e v\u00edte, co v&nbsp;krizi d\u011blat, ale jak se j\u00ed pro p\u0159\u00ed\u0161t\u011b vyhnout?<\/p>\n\n\n\n<p><strong>Nesrovn\u00e1vejte se s ostatn\u00edmi.<\/strong> Samoz\u0159ejm\u011b \u017ee v\u017edy bude n\u011bkdo lep\u0161\u00ed. Ale tak\u00e9 se tomu pravd\u011bpodobn\u011b v\u011bnuje mnohem d\u00e9le. Vezm\u011bte si od druh\u00fdch inspiraci a st\u00e1le se zlep\u0161ujte. Austin Kleon v\u00e1m ve sv\u00e9 kn\u00ed\u017ece <a href=\"https:\/\/www.melvil.cz\/kniha-krad-jako-umelec\/\">Kra\u010f jako um\u011blec<\/a> vtipn\u011b vysv\u011btl\u00ed, jak do sv\u00e9ho \u017eivota vn\u00e9st \u0161petku kreativity i jak\u00fd je rozd\u00edl mezi inspirac\u00ed a kr\u00e1de\u017e\u00ed.<\/p>\n\n\n\n<p><strong>Tr\u00e9nujte kreativitu.<\/strong> V\u0161echno jde zlep\u0161ovat, ani kreativita nen\u00ed v\u00fdjimka. Zkuste nap\u0159\u00edklad <a href=\"https:\/\/www.knihydobrovsky.cz\/papirnictvi\/kreativni-zapisnik-29561879\">Kreativn\u00ed z\u00e1pisn\u00edk<\/a> nebo <a href=\"https:\/\/www.melvil.cz\/kniha-restart-kreativity\/\">Restart kreativity<\/a> od Ren\u00e9ho Nekudy, kter\u00fd v\u00e1s p\u0159esv\u011bd\u010d\u00ed, \u017ee je jako sval, kter\u00fd lze posilovat. Za p\u0159e\u010dten\u00ed stoj\u00ed i kniha Johna Ingledewa <a href=\"https:\/\/www.martinus.cz\/?uItem=229383\">How to Have Great Ideas: A Guide to Creative Thinking<\/a>, ve kter\u00e9m najdete 53 strategi\u00ed pro povzbuzen\u00ed kreativn\u00edho my\u0161len\u00ed.<\/p>\n\n\n\n<p><strong>Spojujte se s&nbsp;lidmi<\/strong> <strong>ze sv\u00e9ho oboru i z&nbsp;p\u0159idru\u017een\u00fdch obor\u016f.<\/strong> Proto\u017ee nov\u00fd pohled na v\u011bc se v\u017edycky hod\u00ed.<\/p>\n\n\n\n<p><strong>Odpo\u010d\u00edvejte.<\/strong> Je to tak d\u016fle\u017eit\u00e9, \u017ee to klidn\u011b zm\u00edn\u00edme je\u0161t\u011b jednou.<\/p>\n\n\n\n<p><strong>Zjist\u011bte, co v\u00e1m funguje.<\/strong> Pr\u00e1ce v&nbsp;naprost\u00e9m klidu nebo rad\u011bji ruch okol\u00ed? U po\u010d\u00edta\u010de nebo s&nbsp;blo\u010dkem v&nbsp;ruce? Sledujte, co va\u0161\u00ed kreativit\u011b prosp\u00edv\u00e1 a kdy se v\u00e1m da\u0159\u00ed dos\u00e1hnout pracovn\u00edho flow. A pak se k&nbsp;tomu vra\u0165te, a\u017e na v\u00e1s p\u016fjde pocit bezradnosti.<\/p>\n\n\n\n<p>M\u00e1te n\u011bjak\u00fd sv\u016fj recept, kter\u00fd v\u00e1s vytrhne z&nbsp;ne\u010dinnosti? Pod\u011blte se o n\u011bj v&nbsp;koment\u00e1\u0159\u00edch!<\/p>\n","protected":false},"excerpt":{"rendered":"<p>Deadliny nepo\u010dkaj\u00ed. Zato kreativita si d\u00e1v\u00e1 na \u010das. Pocit tv\u016fr\u010d\u00edho bloku za\u017eil nejsp\u00ed\u0161 ka\u017ed\u00fd freelancer, kter\u00fd se \u017eiv\u00ed kreativn\u00ed prac\u00ed. A\u0165 u\u017e je to art director, grafik nebo t\u0159eba copywriter.&#8230;<\/p>\n<div class=\"more-link-wrapper\"><a class=\"more-link\" href=\"https:\/\/www.freelance.cz\/blog\/tvurci-blok-jak-ho-prekonat-a-lze-mu-predchazet\/\">\u010c\u00edst d\u00e1le<span class=\"screen-reader-text\">Tv\u016fr\u010d\u00ed blok: Jak ho p\u0159ekonat a lze mu p\u0159edch\u00e1zet?<\/span><\/a><\/div>\n","protected":false},"author":8,"featured_media":889,"comment_status":"open","ping_status":"open","sticky":false,"template":"","format":"standard","meta":{"footnotes":""},"categories":[5,3],"tags":[],"class_list":["post-888","post","type-post","status-publish","format-standard","has-post-thumbnail","hentry","category-osobni-rozvoj-produktivita","category-pro-freelancery","excerpt"],"aioseo_notices":[],"_links":{"self":[{"href":"https:\/\/www.freelance.cz\/blog\/wp-json\/wp\/v2\/posts\/888","targetHints":{"allow":["GET"]}}],"collection":[{"href":"https:\/\/www.freelance.cz\/blog\/wp-json\/wp\/v2\/posts"}],"about":[{"href":"https:\/\/www.freelance.cz\/blog\/wp-json\/wp\/v2\/types\/post"}],"author":[{"embeddable":true,"href":"https:\/\/www.freelance.cz\/blog\/wp-json\/wp\/v2\/users\/8"}],"replies":[{"embeddable":true,"href":"https:\/\/www.freelance.cz\/blog\/wp-json\/wp\/v2\/comments?post=888"}],"version-history":[{"count":3,"href":"https:\/\/www.freelance.cz\/blog\/wp-json\/wp\/v2\/posts\/888\/revisions"}],"predecessor-version":[{"id":893,"href":"https:\/\/www.freelance.cz\/blog\/wp-json\/wp\/v2\/posts\/888\/revisions\/893"}],"wp:featuredmedia":[{"embeddable":true,"href":"https:\/\/www.freelance.cz\/blog\/wp-json\/wp\/v2\/media\/889"}],"wp:attachment":[{"href":"https:\/\/www.freelance.cz\/blog\/wp-json\/wp\/v2\/media?parent=888"}],"wp:term":[{"taxonomy":"category","embeddable":true,"href":"https:\/\/www.freelance.cz\/blog\/wp-json\/wp\/v2\/categories?post=888"},{"taxonomy":"post_tag","embeddable":true,"href":"https:\/\/www.freelance.cz\/blog\/wp-json\/wp\/v2\/tags?post=888"}],"curies":[{"name":"wp","href":"https:\/\/api.w.org\/{rel}","templated":true}]}}