{"id":958,"date":"2021-11-11T11:23:00","date_gmt":"2021-11-11T10:23:00","guid":{"rendered":"https:\/\/www.freelance.cz\/blog\/?p=958"},"modified":"2025-07-29T12:15:18","modified_gmt":"2025-07-29T10:15:18","slug":"jak-prezit-zacatky-na-volne-noze-i-s-tim-pomuze-mini-akademie","status":"publish","type":"post","link":"https:\/\/www.freelance.cz\/blog\/jak-prezit-zacatky-na-volne-noze-i-s-tim-pomuze-mini-akademie\/","title":{"rendered":"Jak p\u0159e\u017e\u00edt za\u010d\u00e1tky na voln\u00e9 noze? I s t\u00edm pom\u016f\u017ee mini akademie"},"content":{"rendered":"\n<p>Ka\u017edoro\u010dn\u011b se na \u00fa\u0159adech registruj\u00ed des\u00edtky tis\u00edc nov\u00fdch \u017eivnostn\u00edk\u016f, kte\u0159\u00ed se mus\u00ed co nejrychleji zorientovat v&nbsp;dan\u00edch, \u00fa\u010detnictv\u00ed, cenotvorb\u011b, smlouv\u00e1ch i fakturaci. Zn\u00ed to n\u00e1ro\u010dn\u011b? Poj\u010fte si to zjednodu\u0161it.<\/p>\n\n\n\n<p>Pro v\u0161echny, kte\u0159\u00ed se v&nbsp;legislativ\u011b necht\u011bj\u00ed ztratit, vznikl projekt <a href=\"https:\/\/www.miniakademie.cz\/\">mini akademie<\/a>, kter\u00fd pom\u016f\u017ee zd\u00e1rn\u011b proj\u00edt minov\u00fdm polem podnikatelsk\u00fdch za\u010d\u00e1tk\u016f. Nevznikl na zelen\u00e9 louce, ale je d\u00edlem pe\u010dliv\u00e9ho pr\u016fzkumu podnikatelsk\u00fdch za\u010d\u00e1tk\u016f. A pr\u00e1v\u011b&nbsp;odpov\u011bdi osloven\u00fdch podnikatel\u016f slou\u017eily jako podklad pro tento online kurz. Ten ve vide\u00edch s&nbsp;celkovou stop\u00e1\u017e\u00ed 8 hodin \u0159e\u0161\u00ed nejp\u00e1liv\u011bj\u0161\u00ed ot\u00e1zky za\u010d\u00ednaj\u00edc\u00edch podnikatel\u016f. Lidsky a srozumiteln\u011b.<\/p>\n\n\n\n<h2 class=\"wp-block-heading\">Kdo za mini akademi\u00ed stoj\u00ed?<\/h2>\n\n\n\n<p>Inici\u00e1tor projektu je R\u00f3bert Krupa, mana\u017eer marketingu v IT spole\u010dnosti Solitea, kter\u00e1 mimo jin\u00e9 nab\u00edz\u00ed faktura\u010dn\u00ed program <a href=\"https:\/\/www.idoklad.cz\">iDoklad<\/a>. Z\u00a0jeho pohledu tady chyb\u011bl zdroj, ze kter\u00e9ho by mohli za\u010d\u00ednaj\u00edc\u00ed podnikatel\u00e9 \u010derpat srozumiteln\u00e9 a ucelen\u00e9 informace nejen o legislativn\u00edch povinnostech v\u016f\u010di st\u00e1tu.<\/p>\n\n\n\n<h2 class=\"wp-block-heading\">Pro koho mini akademie je a na kolik vyjde?<\/h2>\n\n\n\n<p>Projekt zam\u00fd\u0161len\u00fd zejm\u00e9na pro podnikatelsk\u00e9 nov\u00e1\u010dky a pro ty, co si s&nbsp;my\u0161lenkou zalo\u017een\u00ed \u017eivnosti teprve pohr\u00e1vaj\u00ed. Kurz pom\u016f\u017ee <a href=\"https:\/\/www.freelance.cz\/freelanceri\">freelancer\u016fm<\/a>, \u0159emesln\u00edk\u016fm i majitel\u016fm spole\u010dnost\u00ed s&nbsp;ru\u010den\u00edm omezen\u00fdm b\u011bhem jejich podnikatelsk\u00fdch za\u010d\u00e1tk\u016f.<\/p>\n\n\n\n<p>V&nbsp;p\u0159\u00edpad\u011b, \u017ee <strong>podnik\u00e1te m\u00e9n\u011b ne\u017e 12 m\u011bs\u00edc\u016f nebo se na to teprve chyst\u00e1te, jsou pro v\u00e1s ve\u0161ker\u00e1 videa v&nbsp;kurzu zdarma<\/strong>. Po dokon\u010den\u00ed akademie se sami m\u016f\u017eete rozhodnout, jestli autor\u016fm projektu p\u0159isp\u011bjete, nebo ne. V&nbsp;p\u0159\u00edpad\u011b, \u017ee jste si <strong>\u017eivnost zalo\u017eili<\/strong> <strong>p\u0159ed v\u00edce ne\u017e rokem, je cena za kurz 990 K\u010d<\/strong>.<\/p>\n\n\n\n<p>Tak\u00e9 pokud pou\u017e\u00edv\u00e1te jak\u00fdkoli placen\u00fd tarif iDokladu, m\u00e1te vstup do mini akademie zdarma. Do kurzu se nezapome\u0148te registrovat pod e-mailem, kter\u00fd s&nbsp;iDokladem m\u00e1te propojen\u00fd.<\/p>\n\n\n\n<h2 class=\"wp-block-heading\">Jak kurz vypad\u00e1 a co se nau\u010d\u00edte?<\/h2>\n\n\n\n<p>Kurz se skl\u00e1d\u00e1 z&nbsp;<strong>6 modul\u016f<\/strong> o r\u016fzn\u00e9m po\u010dtu <strong>vide\u00ed s&nbsp;d\u00e9lkou od 5 do 15 minut<\/strong>. Jednotliv\u00e9 moduly na sebe navazuj\u00ed, tak\u017ee se vyplat\u00ed je projet postupn\u011b. Studium za\u010d\u00edn\u00e1 vstupn\u00edm testem a na konci ka\u017ed\u00e9ho modulu si svoje v\u011bdomosti ov\u011b\u0159\u00edte ve v\u00fdstupn\u00edm testu. Cel\u00e9 studium pak zabere 8 hodin. <strong>P\u0159\u00edstup do akademie nen\u00ed \u010dasov\u011b omezen\u00fd<\/strong>, tak\u017ee m\u016f\u017eete postupovat vlastn\u00edm tempem.<\/p>\n\n\n\n<h2 class=\"wp-block-heading\">Videokurzem to nekon\u010d\u00ed<\/h2>\n\n\n\n<p>Po absolvov\u00e1n\u00ed akademie z\u00edsk\u00e1te krom\u011b nov\u00fdch znalost\u00ed i \u0159adu v\u00fdhod. Jedna z&nbsp;nich je nap\u0159\u00edklad <strong>50% sleva na \u010dlenstv\u00ed Premium na port\u00e1lu freelance.cz<\/strong>. Tak\u00e9 m\u016f\u017eete z\u00edskat slevu na slu\u017eby \u00fa\u010detn\u00edch \u010di da\u0148ov\u00fdch poradc\u016f v&nbsp;<a href=\"https:\/\/www.idoklad.cz\/najdi-ucetni\">katalogu iDokladu<\/a>. Vyu\u017e\u00edt ji m\u016f\u017eete na zpracov\u00e1n\u00ed da\u0148ov\u00e9ho p\u0159izn\u00e1n\u00ed, \u00fa\u010detnictv\u00ed, da\u0148ov\u00e9 evidence i t\u0159eba konzultaci. \u00da\u010dastn\u00edci se tak\u00e9 mohou p\u0159idat do facebookov\u00e9 skupiny a pokl\u00e1dat zde dotazy zku\u0161en\u00fdm \u00fa\u010detn\u00edm a ostatn\u00edm podnikatel\u016fm.<\/p>\n","protected":false},"excerpt":{"rendered":"<p>Ka\u017edoro\u010dn\u011b se na \u00fa\u0159adech registruj\u00ed des\u00edtky tis\u00edc nov\u00fdch \u017eivnostn\u00edk\u016f, kte\u0159\u00ed se mus\u00ed co nejrychleji zorientovat v&nbsp;dan\u00edch, \u00fa\u010detnictv\u00ed, cenotvorb\u011b, smlouv\u00e1ch i fakturaci. Zn\u00ed to n\u00e1ro\u010dn\u011b? Poj\u010fte si to zjednodu\u0161it. Pro v\u0161echny,&#8230;<\/p>\n<div class=\"more-link-wrapper\"><a class=\"more-link\" href=\"https:\/\/www.freelance.cz\/blog\/jak-prezit-zacatky-na-volne-noze-i-s-tim-pomuze-mini-akademie\/\">\u010c\u00edst d\u00e1le<span class=\"screen-reader-text\">Jak p\u0159e\u017e\u00edt za\u010d\u00e1tky na voln\u00e9 noze? I s t\u00edm pom\u016f\u017ee mini akademie<\/span><\/a><\/div>\n","protected":false},"author":8,"featured_media":963,"comment_status":"closed","ping_status":"closed","sticky":false,"template":"","format":"standard","meta":{"footnotes":""},"categories":[3],"tags":[],"class_list":["post-958","post","type-post","status-publish","format-standard","has-post-thumbnail","hentry","category-pro-freelancery","excerpt"],"aioseo_notices":[],"_links":{"self":[{"href":"https:\/\/www.freelance.cz\/blog\/wp-json\/wp\/v2\/posts\/958","targetHints":{"allow":["GET"]}}],"collection":[{"href":"https:\/\/www.freelance.cz\/blog\/wp-json\/wp\/v2\/posts"}],"about":[{"href":"https:\/\/www.freelance.cz\/blog\/wp-json\/wp\/v2\/types\/post"}],"author":[{"embeddable":true,"href":"https:\/\/www.freelance.cz\/blog\/wp-json\/wp\/v2\/users\/8"}],"replies":[{"embeddable":true,"href":"https:\/\/www.freelance.cz\/blog\/wp-json\/wp\/v2\/comments?post=958"}],"version-history":[{"count":4,"href":"https:\/\/www.freelance.cz\/blog\/wp-json\/wp\/v2\/posts\/958\/revisions"}],"predecessor-version":[{"id":974,"href":"https:\/\/www.freelance.cz\/blog\/wp-json\/wp\/v2\/posts\/958\/revisions\/974"}],"wp:featuredmedia":[{"embeddable":true,"href":"https:\/\/www.freelance.cz\/blog\/wp-json\/wp\/v2\/media\/963"}],"wp:attachment":[{"href":"https:\/\/www.freelance.cz\/blog\/wp-json\/wp\/v2\/media?parent=958"}],"wp:term":[{"taxonomy":"category","embeddable":true,"href":"https:\/\/www.freelance.cz\/blog\/wp-json\/wp\/v2\/categories?post=958"},{"taxonomy":"post_tag","embeddable":true,"href":"https:\/\/www.freelance.cz\/blog\/wp-json\/wp\/v2\/tags?post=958"}],"curies":[{"name":"wp","href":"https:\/\/api.w.org\/{rel}","templated":true}]}}